{"id":106854,"date":"2020-12-10T04:30:00","date_gmt":"2020-12-10T09:30:00","guid":{"rendered":"https:\/\/linitiative.ca\/International\/le-president-turc-nargue-lunion-europeenne\/"},"modified":"2020-12-10T04:30:00","modified_gmt":"2020-12-10T09:30:00","slug":"le-president-turc-nargue-lunion-europeenne","status":"publish","type":"post","link":"https:\/\/linitiative.ca\/International\/le-president-turc-nargue-lunion-europeenne\/","title":{"rendered":"Le pr\u00e9sident turc nargue l\u2019Union europ\u00e9enne"},"content":{"rendered":"<div id=\"originalText\" readability=\"56\">\n<p>Le pr\u00e9sident turc Recep Tayyip Erdogan a affirm\u00e9 hier que d&rsquo;\u00e9ventuelles sanctions de l&rsquo;Union europ\u00e9enne contre Ankara pour ses activit\u00e9s controvers\u00e9es en M\u00e9diterran\u00e9e orientale n&rsquo;\u00e9taient pas \u201cun grand souci\u201d pour son pays.<\/p>\n<p>\u201cUne quelconque d\u00e9cision de sanctions de l&rsquo;UE n&rsquo;est pas un grand souci pour la Turquie\u201d, a d\u00e9clar\u00e9 M. Erdogan lors d&rsquo;une conf\u00e9rence de presse \u00e0 Ankara avant de partir pour une visite officielle en Azerba\u00efdjan.<\/p>\n<p>Des sanctions contre Ankara sont \u00e0 l&rsquo;ordre du jour du sommet europ\u00e9en du 10 d\u00e9cembre, en raison des travaux d&rsquo;exploration gazi\u00e8re men\u00e9s par la Turquie en M\u00e9diterran\u00e9e orientale dans des zones maritimes disput\u00e9es avec la Gr\u00e8ce et Chypre. \u201cL&rsquo;UE applique de toute fa\u00e7on depuis toujours des sanctions contre la Turquie.<\/p>\n<p>Elle n&rsquo;a jamais \u00e9t\u00e9 honn\u00eate envers nous, n&rsquo;a jamais tenu ses promesses\u201d, a ajout\u00e9 M. Erdogan. Pour le pr\u00e9sident turc, \u201cdes leaders honn\u00eates\u201d au sein de l&rsquo;UE, qu&rsquo;il n&rsquo;a pas nomm\u00e9s, ne voient pas les sanctions d&rsquo;un bon \u0153il. L&rsquo;UE avait adress\u00e9 en octobre une proposition d&rsquo;ouverture \u00e0 Ankara, assortie d&rsquo;une menace de sanctions si la Turquie ne cessait pas ses actions.<br \/>\u00a0<\/p>\n<p class=\"c6\"><strong>R. I.\/Agences<\/strong><\/p>\n<\/div>\n<div id=\"text_core\" readability=\"56\">\n<p>Le pr\u00e9sident turc Recep Tayyip Erdogan a affirm\u00e9 hier que d&rsquo;\u00e9ventuelles sanctions de l&rsquo;Union europ\u00e9enne contre Ankara pour ses activit\u00e9s controvers\u00e9es en M\u00e9diterran\u00e9e orientale n&rsquo;\u00e9taient pas \u201cun grand souci\u201d pour son pays.<\/p>\n<p>\u201cUne quelconque d\u00e9cision de sanctions de l&rsquo;UE n&rsquo;est pas un grand souci pour la Turquie\u201d, a d\u00e9clar\u00e9 M. Erdogan lors d&rsquo;une conf\u00e9rence de presse \u00e0 Ankara avant de partir pour une visite officielle en Azerba\u00efdjan.<\/p>\n<p>Des sanctions contre Ankara sont \u00e0 l&rsquo;ordre du jour du sommet europ\u00e9en du 10 d\u00e9cembre, en raison des travaux d&rsquo;exploration gazi\u00e8re men\u00e9s par la Turquie en M\u00e9diterran\u00e9e orientale dans des zones maritimes disput\u00e9es avec la Gr\u00e8ce et Chypre. \u201cL&rsquo;UE applique de toute fa\u00e7on depuis toujours des sanctions contre la Turquie.<\/p>\n<p>Elle n&rsquo;a jamais \u00e9t\u00e9 honn\u00eate envers nous, n&rsquo;a jamais tenu ses promesses\u201d, a ajout\u00e9 M. Erdogan. Pour le pr\u00e9sident turc, \u201cdes leaders honn\u00eates\u201d au sein de l&rsquo;UE, qu&rsquo;il n&rsquo;a pas nomm\u00e9s, ne voient pas les sanctions d&rsquo;un bon \u0153il. L&rsquo;UE avait adress\u00e9 en octobre une proposition d&rsquo;ouverture \u00e0 Ankara, assortie d&rsquo;une menace de sanctions si la Turquie ne cessait pas ses actions.<br \/>\u00a0<\/p>\n<p class=\"c6\"><strong>R. I.\/Agences<\/strong><\/p>\n<\/div>\n<p>Auteur:<br \/>\n<a href=\"https:\/\/www.liberte-algerie.com\/international\/le-president-turc-nargue-lunion-europeenne-350466\">Cliquez ici pour lire l&rsquo;article depuis sa source.<\/a><\/p>\n","protected":false},"excerpt":{"rendered":"<p>Le pr\u00e9sident turc Recep Tayyip Erdogan a affirm\u00e9 hier que d&rsquo;\u00e9ventuelles sanctions de l&rsquo;Union europ\u00e9enne contre Ankara pour ses activit\u00e9s controvers\u00e9es en M\u00e9diterran\u00e9e orientale n&rsquo;\u00e9taient pas \u201cun grand souci\u201d pour son pays. \u201cUne quelconque d\u00e9cision de sanctions de l&rsquo;UE n&rsquo;est pas un grand souci pour la Turquie\u201d, a d\u00e9clar\u00e9 M. Erdogan lors d&rsquo;une conf\u00e9rence de [&hellip;]<\/p>\n","protected":false},"author":1742,"featured_media":0,"comment_status":"closed","ping_status":"closed","sticky":false,"template":"","format":"standard","meta":{"fifu_image_url":"","fifu_image_alt":"","footnotes":""},"categories":[73,53],"tags":[],"class_list":["post-106854","post","type-post","status-publish","format-standard","hentry","category-actualite","category-algerie"],"_links":{"self":[{"href":"https:\/\/linitiative.ca\/International\/wp-json\/wp\/v2\/posts\/106854","targetHints":{"allow":["GET"]}}],"collection":[{"href":"https:\/\/linitiative.ca\/International\/wp-json\/wp\/v2\/posts"}],"about":[{"href":"https:\/\/linitiative.ca\/International\/wp-json\/wp\/v2\/types\/post"}],"author":[{"embeddable":true,"href":"https:\/\/linitiative.ca\/International\/wp-json\/wp\/v2\/users\/1742"}],"replies":[{"embeddable":true,"href":"https:\/\/linitiative.ca\/International\/wp-json\/wp\/v2\/comments?post=106854"}],"version-history":[{"count":0,"href":"https:\/\/linitiative.ca\/International\/wp-json\/wp\/v2\/posts\/106854\/revisions"}],"wp:attachment":[{"href":"https:\/\/linitiative.ca\/International\/wp-json\/wp\/v2\/media?parent=106854"}],"wp:term":[{"taxonomy":"category","embeddable":true,"href":"https:\/\/linitiative.ca\/International\/wp-json\/wp\/v2\/categories?post=106854"},{"taxonomy":"post_tag","embeddable":true,"href":"https:\/\/linitiative.ca\/International\/wp-json\/wp\/v2\/tags?post=106854"}],"curies":[{"name":"wp","href":"https:\/\/api.w.org\/{rel}","templated":true}]}}