{"id":106862,"date":"2020-12-10T05:46:21","date_gmt":"2020-12-10T10:46:21","guid":{"rendered":"https:\/\/linitiative.ca\/International\/pluies-orageuses-et-chutes-de-grele-sur-lest-et-le-centre-du-pays-a-partir-de-ce-jeudi\/"},"modified":"2020-12-10T05:46:21","modified_gmt":"2020-12-10T10:46:21","slug":"pluies-orageuses-et-chutes-de-grele-sur-lest-et-le-centre-du-pays-a-partir-de-ce-jeudi","status":"publish","type":"post","link":"https:\/\/linitiative.ca\/International\/pluies-orageuses-et-chutes-de-grele-sur-lest-et-le-centre-du-pays-a-partir-de-ce-jeudi\/","title":{"rendered":"Pluies orageuses et chutes de gr\u00eale sur l&rsquo;Est et le Centre du pays \u00e0 partir  de ce jeudi"},"content":{"rendered":"<div readability=\"39\">\n<p><strong>ALGER- Des pluies, parfois sous forme d&rsquo;averses orageuses, accompagn\u00e9es localement de chutes de gr\u00eale affecteront, \u00e0 partir de ce jeudi, plusieurs wilayas du Centre et de l&rsquo;Est du pays, selon un bulletin m\u00e9t\u00e9orologique sp\u00e9cial (BMS) \u00e9mis par l&rsquo;Office national de m\u00e9t\u00e9orologie.<\/strong><\/p>\n<\/div>\n<div readability=\"67\">\n<p>Plac\u00e9es au niveau de vigilance Orange, les wilayas concern\u00e9es sont : Relizane, Chlef, A\u00efn Defla, Tiaret, Tissemsilt, Tipaza, Blida et M\u00e9d\u00e9a, pr\u00e9cise le BMS, dont la validit\u00e9 prend effet de jeudi \u00e0 15h00 au vendredi \u00e0 06h00 avec des cumuls estim\u00e9s entre 20 et 30 mm, pouvant atteindre ou d\u00e9passer localement 40 mm.<\/p>\n<p>Les pluies toucherons \u00e9galement Alger, Boumerd\u00e8s, Tizi Ouzou, Bouira, Beja\u00efa, Jijel, Skikda, Annaba, El Tarf, Bordj Bou Arreridj, S\u00e9tif, Mila, Constantine, Guelma et Souk Ahras, dont la validit\u00e9 prend effet \u00e0 partir de ce jeudi \u00e0 15h00 jusqu&rsquo;au lendemain, vendredi, \u00e0 06h00 avec des cumuls estim\u00e9s entre 20 et 40 mm, pouvant atteindre ou d\u00e9passer localement 50 mm.<\/p>\n<\/div>\n<p>Auteur:<br \/>\n<a href=\"http:\/\/www.aps.dz\/regions\/113999-pluies-orageuses-et-chutes-de-grele-sur-l-est-et-le-centre-du-pays-a-partir-de-ce-jeudi\">Cliquez ici pour lire l&rsquo;article depuis sa source.<\/a><\/p>\n","protected":false},"excerpt":{"rendered":"<p>ALGER- Des pluies, parfois sous forme d&rsquo;averses orageuses, accompagn\u00e9es localement de chutes de gr\u00eale affecteront, \u00e0 partir de ce jeudi, plusieurs wilayas du Centre et de l&rsquo;Est du pays, selon un bulletin m\u00e9t\u00e9orologique sp\u00e9cial (BMS) \u00e9mis par l&rsquo;Office national de m\u00e9t\u00e9orologie. Plac\u00e9es au niveau de vigilance Orange, les wilayas concern\u00e9es sont : Relizane, Chlef, A\u00efn [&hellip;]<\/p>\n","protected":false},"author":1790,"featured_media":0,"comment_status":"closed","ping_status":"closed","sticky":false,"template":"","format":"standard","meta":{"fifu_image_url":"","fifu_image_alt":"","footnotes":""},"categories":[53,76],"tags":[],"class_list":["post-106862","post","type-post","status-publish","format-standard","hentry","category-algerie","category-regions"],"_links":{"self":[{"href":"https:\/\/linitiative.ca\/International\/wp-json\/wp\/v2\/posts\/106862","targetHints":{"allow":["GET"]}}],"collection":[{"href":"https:\/\/linitiative.ca\/International\/wp-json\/wp\/v2\/posts"}],"about":[{"href":"https:\/\/linitiative.ca\/International\/wp-json\/wp\/v2\/types\/post"}],"author":[{"embeddable":true,"href":"https:\/\/linitiative.ca\/International\/wp-json\/wp\/v2\/users\/1790"}],"replies":[{"embeddable":true,"href":"https:\/\/linitiative.ca\/International\/wp-json\/wp\/v2\/comments?post=106862"}],"version-history":[{"count":0,"href":"https:\/\/linitiative.ca\/International\/wp-json\/wp\/v2\/posts\/106862\/revisions"}],"wp:attachment":[{"href":"https:\/\/linitiative.ca\/International\/wp-json\/wp\/v2\/media?parent=106862"}],"wp:term":[{"taxonomy":"category","embeddable":true,"href":"https:\/\/linitiative.ca\/International\/wp-json\/wp\/v2\/categories?post=106862"},{"taxonomy":"post_tag","embeddable":true,"href":"https:\/\/linitiative.ca\/International\/wp-json\/wp\/v2\/tags?post=106862"}],"curies":[{"name":"wp","href":"https:\/\/api.w.org\/{rel}","templated":true}]}}