{"id":106867,"date":"2020-12-09T15:23:18","date_gmt":"2020-12-09T20:23:18","guid":{"rendered":"https:\/\/linitiative.ca\/International\/rsb-al-ahly-la-caf-decidera-jeudi-de-la-date-et-du-lieu-du-match\/"},"modified":"2020-12-09T15:23:18","modified_gmt":"2020-12-09T20:23:18","slug":"rsb-al-ahly-la-caf-decidera-jeudi-de-la-date-et-du-lieu-du-match","status":"publish","type":"post","link":"https:\/\/linitiative.ca\/International\/rsb-al-ahly-la-caf-decidera-jeudi-de-la-date-et-du-lieu-du-match\/","title":{"rendered":"RSB-Al Ahly : la CAF d\u00e9cidera jeudi de la date et du lieu du match"},"content":{"rendered":"<div class=\"single-featured\"><img alt=\"\" data-src=\"http:\/\/www.mapoujda.ma\/map\/uploads\/2020\/10\/RSB-Champions-CAF-CUP-2020-M750&#xD7;430-DR-1.jpg\"\/><\/div>\n<div class=\"entry-content clearfix single-post-content\" readability=\"65\">\n<p class=\"c4\">Le Comit\u00e9 Ex\u00e9cutif de la Conf\u00e9d\u00e9ration Africaine de Football (CAF) tiendra, jeudi au Caire,\u00a0une r\u00e9union\u00a0pour d\u00e9terminer la date et le lieu du match de la Super Coupe de la CAF, qui opposera la Renaissance de Berkane, d\u00e9tenteur de la Coupe de la Conf\u00e9d\u00e9ration, \u00e0 Al-Ahly, titulaire de la Ligue des champions d\u2019Afrique.<\/p>\n<p class=\"c4\">Lors de cette r\u00e9union, le Comit\u00e9 fixera \u00e9galement le lieu et la date de l\u2019\u00e9dition 2021 de la Super Coupe, proc\u00e9dera \u00e0 la ratification des d\u00e9cisions du Comit\u00e9 d\u2019urgence, mettra le point sur les pr\u00e9paratifs en cours pour l\u2019organisation de la Ligue des champions f\u00e9minine et examinera le processus de modernisation du Championnat d\u2019Afrique des jeunes U-17.<\/p>\n<p class=\"c4\">La r\u00e9union se penchera \u00e9galement sur la mise \u00e0 jour du programme d\u2019organisation de la Coupe d\u2019Afrique des Nations de football de plage au S\u00e9n\u00e9gal, les amendements pr\u00e9vus aux r\u00e8glements de la CAF pour les comp\u00e9titions interclubs et l\u2019ouverture des candidatures pour l\u2019organisation des prochaines comp\u00e9titions continentales, \u00e0 savoir la Coupe d\u2019Afrique des Nations F\u00e9minine 2022, la Coupe d\u2019Afrique des Nations de football de plage 2022 et la Coupe d\u2019Afrique des Nations U-17 et U-20 en 2023.<\/p>\n<p class=\"c4\">La CAF avait convenu avec le Qatar d\u2019accueillir les \u00e9ditions 2020 et 2021 de la Super Coupe, avant d\u2019annoncer dans un communiqu\u00e9 la semaine derni\u00e8re que le match sera plut\u00f4t organis\u00e9 en \u00c9gypte.<\/p>\n<p class=\"c4\">La Super Coupe d\u2019Afrique est un match unique disput\u00e9 entre le vainqueur de la Ligue des Champions d\u2019Afrique et le vainqueur de la Coupe de la Conf\u00e9d\u00e9ration.<\/p>\n<\/div>\n<p>Auteur: Soufiane ELAHMAR<br \/>\n<a href=\"http:\/\/www.mapoujda.ma\/fr\/rsb-al-ahly-la-caf-decidera-jeudi-de-la-date-et-du-lieu-du-match\/\">Cliquez ici pour lire l&rsquo;article depuis sa source.<\/a><\/p>\n","protected":false},"excerpt":{"rendered":"<p>Le Comit\u00e9 Ex\u00e9cutif de la Conf\u00e9d\u00e9ration Africaine de Football (CAF) tiendra, jeudi au Caire,\u00a0une r\u00e9union\u00a0pour d\u00e9terminer la date et le lieu du match de la Super Coupe de la CAF, qui opposera la Renaissance de Berkane, d\u00e9tenteur de la Coupe de la Conf\u00e9d\u00e9ration, \u00e0 Al-Ahly, titulaire de la Ligue des champions d\u2019Afrique. Lors de cette [&hellip;]<\/p>\n","protected":false},"author":1788,"featured_media":0,"comment_status":"closed","ping_status":"closed","sticky":false,"template":"","format":"standard","meta":{"fifu_image_url":"http:\/\/www.mapoujda.ma\/map\/uploads\/2020\/10\/RSB-Champions-CAF-CUP-2020-M750\u00d7430-DR-1.jpg","fifu_image_alt":"RSB-Al Ahly : la CAF d\u00e9cidera jeudi de la date et du lieu du match","footnotes":""},"categories":[54,76],"tags":[],"class_list":["post-106867","post","type-post","status-publish","format-standard","hentry","category-maroc","category-regions"],"_links":{"self":[{"href":"https:\/\/linitiative.ca\/International\/wp-json\/wp\/v2\/posts\/106867","targetHints":{"allow":["GET"]}}],"collection":[{"href":"https:\/\/linitiative.ca\/International\/wp-json\/wp\/v2\/posts"}],"about":[{"href":"https:\/\/linitiative.ca\/International\/wp-json\/wp\/v2\/types\/post"}],"author":[{"embeddable":true,"href":"https:\/\/linitiative.ca\/International\/wp-json\/wp\/v2\/users\/1788"}],"replies":[{"embeddable":true,"href":"https:\/\/linitiative.ca\/International\/wp-json\/wp\/v2\/comments?post=106867"}],"version-history":[{"count":0,"href":"https:\/\/linitiative.ca\/International\/wp-json\/wp\/v2\/posts\/106867\/revisions"}],"wp:attachment":[{"href":"https:\/\/linitiative.ca\/International\/wp-json\/wp\/v2\/media?parent=106867"}],"wp:term":[{"taxonomy":"category","embeddable":true,"href":"https:\/\/linitiative.ca\/International\/wp-json\/wp\/v2\/categories?post=106867"},{"taxonomy":"post_tag","embeddable":true,"href":"https:\/\/linitiative.ca\/International\/wp-json\/wp\/v2\/tags?post=106867"}],"curies":[{"name":"wp","href":"https:\/\/api.w.org\/{rel}","templated":true}]}}