{"id":106870,"date":"2020-12-10T11:00:00","date_gmt":"2020-12-10T16:00:00","guid":{"rendered":"https:\/\/linitiative.ca\/International\/ankara-facilite-larrivee-de-centaines-de-somaliens-sur-ses-cotes\/"},"modified":"2020-12-10T11:00:00","modified_gmt":"2020-12-10T16:00:00","slug":"ankara-facilite-larrivee-de-centaines-de-somaliens-sur-ses-cotes","status":"publish","type":"post","link":"https:\/\/linitiative.ca\/International\/ankara-facilite-larrivee-de-centaines-de-somaliens-sur-ses-cotes\/","title":{"rendered":"Ankara facilite  l\u2019arriv\u00e9e de centaines  de somaliens sur ses c\u00f4tes"},"content":{"rendered":"<p class=\"p1 c4\"><span class=\"c3\"><span class=\"s1 c2\"><strong>Le Temps-Agences-<\/strong><\/span> <strong>Ath\u00e8nes accuse Ankara de faciliter l\u2019immigration de somaliens vers la Gr\u00e8ce. Notis Mitarachi, le ministre grec des Migrations, accuse la Turquie d\u2019octroyer des visas \u00e0 des migrants somaliens pour les laisser ensuite partir vers les \u00eeles grecques voisines et l&rsquo;Europe.<\/strong><\/span><\/p>\n<p class=\"p1 c5\"><span class=\"c3\">Environ 300 Somaliens sont r\u00e9cemment arriv\u00e9s en avion en Turquie avant de rejoindre la Gr\u00e8ce, a pr\u00e9cis\u00e9 le ministre grec<span class=\"Apple-converted-space\">\u00a0<\/span> lors d&rsquo;une conf\u00e9rence de presse.<\/span><\/p>\n<p class=\"p2 c6\">\u00a0<\/p>\n<p class=\"p3 c7\"><span class=\"c3\"><strong>Des visas de voyage<\/strong><\/span><\/p>\n<p class=\"p1 c5\"><span class=\"c3\">Citant des t\u00e9moignages de migrants somaliens arriv\u00e9s r\u00e9cemment en Gr\u00e8ce, \u00ab\u00a0un bureau de liaison turc \u00e0 Mogadiscio facilite\u00a0\u00bb l&rsquo;octroi des visas pour voyager en Turquie sur la base de certificats et de documents fournis par une universit\u00e9 et un h\u00f4pital Turc implant\u00e9s \u00e0 Mogadiscio, a pr\u00e9cis\u00e9 le ministre lors d&rsquo;une conf\u00e9rence de presse.<\/span><\/p>\n<p class=\"p1 c5\"><span class=\"c3\">Selon Notis Mitarachi, \u00ab\u00a0en Somalie, les autorit\u00e9s turques, dont le ministre de l&rsquo;Education et d&rsquo;autres minist\u00e8res, encouragent l&rsquo;immigration vers la Turquie\u00a0\u00bb.<\/span><\/p>\n<p class=\"p1 c5\"><span class=\"c3\">\u00ab\u00a0Il est \u00e9vident que ces gens ne sont pas en risque en Turquie et ce pays pourrait leur octroyer l&rsquo;asile. Il est inqui\u00e9tant que la Turquie semble faciliter l&rsquo;arriv\u00e9e de ces migrants en leur octroyant des visas de voyage\u00a0\u00bb, a d\u00e9plor\u00e9 le ministre. Les autorit\u00e9s turques n&rsquo;ont pas pour l&rsquo;instant r\u00e9agi \u00e0 ces accusations.<\/span><\/p>\n<p class=\"p1 c5\"><span class=\"c3\">Parmi les 214 migrants arriv\u00e9s depuis le 1er novembre \u00e0 Lesbos, 142 sont des Somaliens, a affirm\u00e9 Notis Mitarachi. La semaine derni\u00e8re, deux jeunes Somaliennes ont p\u00e9ri dans le naufrage de leur embarcation de fortune au large de l&rsquo;\u00eele grecque de Lesbos venant des c\u00f4tes turques. Trente-deux Somaliens ont \u00e9t\u00e9 secourus par les garde-c\u00f4tes grecs et transf\u00e9r\u00e9s sains et saufs \u00e0 Lesbos.<\/span><\/p>\n<p class=\"p2 c6\">\u00a0<\/p>\n<p class=\"p3 c7\"><span class=\"c3\"><strong>Pression sur l&rsquo;Union Europ\u00e9enne<\/strong><\/span><\/p>\n<p class=\"p1 c5\"><span class=\"c3\">Ath\u00e8nes accuse Ankara \u00ab\u00a0d&rsquo;instrumentaliser\u00a0\u00bb la question migratoire pour faire pression sur l&rsquo;Union europ\u00e9enne (UE).<\/span><\/p>\n<p class=\"p1 c5\"><span class=\"c3\">De son c\u00f4t\u00e9 la Turquie accuse l&rsquo;UE de ne pas lui fournir d&rsquo;aide suffisante afin de soutenir environ quatre millions de migrants et r\u00e9fugi\u00e9s sur son territoire, dont beaucoup souhaitent venir en Europe. L\u2019Union europ\u00e9enne a d\u00e9j\u00e0 vers\u00e9 4,5 milliards d\u2019euros sur les six milliards pr\u00e9vus dans un accord conclu en mars 2016 pour contenir l\u2019immigration, notamment en provenance de Syrie.<\/span><\/p>\n<p class=\"p1 c4\">\u00a0<\/p>\n<p class=\"p1 c5\"><span class=\"c3\">Fin f\u00e9vrier, des incidents avaient eu lieu \u00e0 la fronti\u00e8re terrestre gr\u00e9co-turque quand Ankara avait encourag\u00e9 des milliers de migrants \u00e0 traverser la fronti\u00e8re vers l&rsquo;Europe.<\/span><\/p>\n<p>Auteur: letemps1<br \/>\n<a href=\"http:\/\/www.letemps.com.tn\/article\/118421\/ankara-facilite-l%E2%80%99arriv%C3%A9e-de-centaines-de-somaliens-sur-ses-c%C3%B4tes\">Cliquez ici pour lire l&rsquo;article depuis sa source.<\/a><\/p>\n","protected":false},"excerpt":{"rendered":"<p>Le Temps-Agences- Ath\u00e8nes accuse Ankara de faciliter l\u2019immigration de somaliens vers la Gr\u00e8ce. Notis Mitarachi, le ministre grec des Migrations, accuse la Turquie d\u2019octroyer des visas \u00e0 des migrants somaliens pour les laisser ensuite partir vers les \u00eeles grecques voisines et l&rsquo;Europe. Environ 300 Somaliens sont r\u00e9cemment arriv\u00e9s en avion en Turquie avant de rejoindre [&hellip;]<\/p>\n","protected":false},"author":1773,"featured_media":0,"comment_status":"closed","ping_status":"closed","sticky":false,"template":"","format":"standard","meta":{"fifu_image_url":"","fifu_image_alt":"","footnotes":""},"categories":[73,55],"tags":[],"class_list":["post-106870","post","type-post","status-publish","format-standard","hentry","category-actualite","category-tunisie"],"_links":{"self":[{"href":"https:\/\/linitiative.ca\/International\/wp-json\/wp\/v2\/posts\/106870","targetHints":{"allow":["GET"]}}],"collection":[{"href":"https:\/\/linitiative.ca\/International\/wp-json\/wp\/v2\/posts"}],"about":[{"href":"https:\/\/linitiative.ca\/International\/wp-json\/wp\/v2\/types\/post"}],"author":[{"embeddable":true,"href":"https:\/\/linitiative.ca\/International\/wp-json\/wp\/v2\/users\/1773"}],"replies":[{"embeddable":true,"href":"https:\/\/linitiative.ca\/International\/wp-json\/wp\/v2\/comments?post=106870"}],"version-history":[{"count":0,"href":"https:\/\/linitiative.ca\/International\/wp-json\/wp\/v2\/posts\/106870\/revisions"}],"wp:attachment":[{"href":"https:\/\/linitiative.ca\/International\/wp-json\/wp\/v2\/media?parent=106870"}],"wp:term":[{"taxonomy":"category","embeddable":true,"href":"https:\/\/linitiative.ca\/International\/wp-json\/wp\/v2\/categories?post=106870"},{"taxonomy":"post_tag","embeddable":true,"href":"https:\/\/linitiative.ca\/International\/wp-json\/wp\/v2\/tags?post=106870"}],"curies":[{"name":"wp","href":"https:\/\/api.w.org\/{rel}","templated":true}]}}