{"id":106871,"date":"2020-12-10T11:00:00","date_gmt":"2020-12-10T16:00:00","guid":{"rendered":"https:\/\/linitiative.ca\/International\/erdogan-en-visite-a-bakou-pour-celebrer-la-victoire-azerbaidjanaise\/"},"modified":"2020-12-10T11:00:00","modified_gmt":"2020-12-10T16:00:00","slug":"erdogan-en-visite-a-bakou-pour-celebrer-la-victoire-azerbaidjanaise","status":"publish","type":"post","link":"https:\/\/linitiative.ca\/International\/erdogan-en-visite-a-bakou-pour-celebrer-la-victoire-azerbaidjanaise\/","title":{"rendered":"Erdogan en visite \u00e0 Bakou  pour c\u00e9l\u00e9brer la victoire azerba\u00efdjanaise"},"content":{"rendered":"<p class=\"p1 c5\"><span class=\"c4\"><span class=\"c3\"><span class=\"s1 c2\"><strong>Le Temps-Agences-<\/strong><\/span> <strong>Cette visite de deux jours sera la premi\u00e8re d\u2019un chef d\u2019\u00c9tat \u00e9tranger en Azerba\u00efdjan depuis le cessez-le-feu qui a mis fin, d\u00e9but novembre, \u00e0 six semaines de combats au Haut-Karabakh, et consacr\u00e9 les importants gains territoriaux de l\u2019arm\u00e9e azerba\u00efdjanaise. \u00c0 Bakou, le pr\u00e9sident turc entend c\u00e9l\u00e9brer une victoire qui est aussi la sienne.<\/strong><\/span><\/span><\/p>\n<p class=\"p1 c6\"><span class=\"c4\"><span class=\"c3\">Le pr\u00e9sident turc Recep Tayyip Erdogan, dont le pays a \u00e9t\u00e9 le principal soutien de l\u2019Azerba\u00efdjan dans son conflit avec l\u2019Arm\u00e9nie dans le Haut-Karabakh, s\u2019est rendu \u00e0 Bakou hier. Cette visite, avec en point d\u2019orgue sa participation \u00e0 une importante parade militaire, a d\u2019abord une dimension symbolique. Il s\u2019agit pour l\u2019Azerba\u00efdjan de f\u00eater sa victoire dans le Haut-Karakakh et, pour la Turquie, de souligner son r\u00f4le d\u00e9terminant dans cette victoire militaire.<span class=\"Apple-converted-space\">\u00a0<\/span><\/span><\/span><\/p>\n<p class=\"p1 c6\"><span class=\"c4\"><span class=\"c3\">C\u2019est un message du pr\u00e9sident turc \u00e0 son opinion publique, mais aussi aux membres du groupe dit de Minsk, charg\u00e9 depuis 28 ans de r\u00e9soudre ce conflit et copr\u00e9sid\u00e9 par la France, les \u00c9tats-Unis et la Russie. \u00c0 cette derni\u00e8re, m\u00e9diatrice du cessez-le-feu, Recep Tayyip Erdogan rappelle que la Turquie compte jouer un r\u00f4le de premier plan dans la surveillance de l\u2019accord sur le terrain.<\/span><\/span><\/p>\n<p class=\"p1 c6\"><span class=\"c4\"><span class=\"c3\">Ankara et Moscou se sont entendus pour g\u00e9rer ensemble un centre d\u2019observation du cessez-le-feu. Le fonctionnement de ce centre et la mission des soldats turcs seront au c\u0153ur des discussions entre Tayyip Erdogan et son homologue azerba\u00efdjanais Ilham Aliyev.<\/span><\/span><\/p>\n<p class=\"p1 c5\">\u00a0<\/p>\n<p class=\"p1 c6\"><span class=\"c4\"><span class=\"c3\">Les deux hommes discuteront aussi du futur corridor direct entre la Turquie et l\u2019Azerba\u00efdjan via l\u2019enclave azerba\u00efdjanaise du Nakhitchevan. Ce corridor passera par le territoire arm\u00e9nien et Erevan s\u2019est engag\u00e9 \u00e0 permettre sa cr\u00e9ation<\/span><\/span><\/p>\n<p>Auteur: letemps1<br \/>\n<a href=\"http:\/\/www.letemps.com.tn\/article\/118422\/erdogan-en-visite-%C3%A0-bakou-pour-c%C3%A9l%C3%A9brer-la-victoire-azerba%C3%AFdjanaise\">Cliquez ici pour lire l&rsquo;article depuis sa source.<\/a><\/p>\n","protected":false},"excerpt":{"rendered":"<p>Le Temps-Agences- Cette visite de deux jours sera la premi\u00e8re d\u2019un chef d\u2019\u00c9tat \u00e9tranger en Azerba\u00efdjan depuis le cessez-le-feu qui a mis fin, d\u00e9but novembre, \u00e0 six semaines de combats au Haut-Karabakh, et consacr\u00e9 les importants gains territoriaux de l\u2019arm\u00e9e azerba\u00efdjanaise. \u00c0 Bakou, le pr\u00e9sident turc entend c\u00e9l\u00e9brer une victoire qui est aussi la sienne. [&hellip;]<\/p>\n","protected":false},"author":1773,"featured_media":0,"comment_status":"closed","ping_status":"closed","sticky":false,"template":"","format":"standard","meta":{"fifu_image_url":"","fifu_image_alt":"","footnotes":""},"categories":[73,55],"tags":[],"class_list":["post-106871","post","type-post","status-publish","format-standard","hentry","category-actualite","category-tunisie"],"_links":{"self":[{"href":"https:\/\/linitiative.ca\/International\/wp-json\/wp\/v2\/posts\/106871","targetHints":{"allow":["GET"]}}],"collection":[{"href":"https:\/\/linitiative.ca\/International\/wp-json\/wp\/v2\/posts"}],"about":[{"href":"https:\/\/linitiative.ca\/International\/wp-json\/wp\/v2\/types\/post"}],"author":[{"embeddable":true,"href":"https:\/\/linitiative.ca\/International\/wp-json\/wp\/v2\/users\/1773"}],"replies":[{"embeddable":true,"href":"https:\/\/linitiative.ca\/International\/wp-json\/wp\/v2\/comments?post=106871"}],"version-history":[{"count":0,"href":"https:\/\/linitiative.ca\/International\/wp-json\/wp\/v2\/posts\/106871\/revisions"}],"wp:attachment":[{"href":"https:\/\/linitiative.ca\/International\/wp-json\/wp\/v2\/media?parent=106871"}],"wp:term":[{"taxonomy":"category","embeddable":true,"href":"https:\/\/linitiative.ca\/International\/wp-json\/wp\/v2\/categories?post=106871"},{"taxonomy":"post_tag","embeddable":true,"href":"https:\/\/linitiative.ca\/International\/wp-json\/wp\/v2\/tags?post=106871"}],"curies":[{"name":"wp","href":"https:\/\/api.w.org\/{rel}","templated":true}]}}