{"id":106874,"date":"2020-12-10T15:14:01","date_gmt":"2020-12-10T20:14:01","guid":{"rendered":"https:\/\/linitiative.ca\/International\/pros-montpellier-der-zakarian-donne-des-nouvelles-dandy-delort\/"},"modified":"2020-12-10T15:14:01","modified_gmt":"2020-12-10T20:14:01","slug":"pros-montpellier-der-zakarian-donne-des-nouvelles-dandy-delort","status":"publish","type":"post","link":"https:\/\/linitiative.ca\/International\/pros-montpellier-der-zakarian-donne-des-nouvelles-dandy-delort\/","title":{"rendered":"Pros : Montpellier : Der Zakarian donne des nouvelles d&rsquo;Andy Delort"},"content":{"rendered":"<div readability=\"32\">\n<p>Auteur : <span class=\"time\">jeudi 10 d\u00e9cembre 2020 17:11<\/span><\/p>\n<\/div>\n<div id=\"post_core\" readability=\"47\">\n<p>Cela \u00e0 condition que la Ligue de football professionnel (LFP) ne donne son feu vert au club pailladin, 6e du Championnat, vendredi.<\/p>\n<p>\u00ab\u00a0Comme tous les tests sont n\u00e9gatifs, on attend la r\u00e9ponse de la Ligue pour Andy, a pr\u00e9cis\u00e9 l&rsquo;entra\u00eeneur Michel Der Zakarian jeudi, en conf\u00e9rence de presse. \u00c0 chaque fois qu&rsquo;un joueur est contamin\u00e9 par le virus, on transmet un dossier \u00e0 la Ligue et on attend son autorisation. Si Delort est autoris\u00e9 \u00e0 jouer, il sera dans le groupe.\u00a0\u00bb Des propos relay\u00e9s par L&rsquo;Equipe.<\/p>\n<p><strong>Publi\u00e9 dans :<\/strong> <span>Montpellier<\/span><\/p>\n<\/div>\n<p>Auteur:<br \/>\n<a href=\"http:\/\/www.lebuteur.com\/article\/detail?titre=montpellier-der-zakarian-donne-des-nouvelles-dandy-delort&#038;id=98294&#038;utm_source=feedburner&#038;utm_medium=feed&#038;utm_campaign=Feed%3A+GalerieFArtciles+%28Les+derniers+articles++-+lebuteur.com%29\">Cliquez ici pour lire l&rsquo;article depuis sa source.<\/a><\/p>\n","protected":false},"excerpt":{"rendered":"<p>Auteur : jeudi 10 d\u00e9cembre 2020 17:11 Cela \u00e0 condition que la Ligue de football professionnel (LFP) ne donne son feu vert au club pailladin, 6e du Championnat, vendredi. \u00ab\u00a0Comme tous les tests sont n\u00e9gatifs, on attend la r\u00e9ponse de la Ligue pour Andy, a pr\u00e9cis\u00e9 l&rsquo;entra\u00eeneur Michel Der Zakarian jeudi, en conf\u00e9rence de presse. [&hellip;]<\/p>\n","protected":false},"author":1738,"featured_media":0,"comment_status":"closed","ping_status":"closed","sticky":false,"template":"","format":"standard","meta":{"fifu_image_url":"\/\/cdn.lebuteur.com\/data\/images\/article\/thumbs\/large-montpellier-der-zakarian-donne-des-nouvelles-dandy-delort-1e1de.jpg","fifu_image_alt":"Pros : Montpellier : Der Zakarian donne des nouvelles d'Andy Delort","footnotes":""},"categories":[53,75],"tags":[],"class_list":["post-106874","post","type-post","status-publish","format-standard","hentry","category-algerie","category-sport"],"_links":{"self":[{"href":"https:\/\/linitiative.ca\/International\/wp-json\/wp\/v2\/posts\/106874","targetHints":{"allow":["GET"]}}],"collection":[{"href":"https:\/\/linitiative.ca\/International\/wp-json\/wp\/v2\/posts"}],"about":[{"href":"https:\/\/linitiative.ca\/International\/wp-json\/wp\/v2\/types\/post"}],"author":[{"embeddable":true,"href":"https:\/\/linitiative.ca\/International\/wp-json\/wp\/v2\/users\/1738"}],"replies":[{"embeddable":true,"href":"https:\/\/linitiative.ca\/International\/wp-json\/wp\/v2\/comments?post=106874"}],"version-history":[{"count":0,"href":"https:\/\/linitiative.ca\/International\/wp-json\/wp\/v2\/posts\/106874\/revisions"}],"wp:attachment":[{"href":"https:\/\/linitiative.ca\/International\/wp-json\/wp\/v2\/media?parent=106874"}],"wp:term":[{"taxonomy":"category","embeddable":true,"href":"https:\/\/linitiative.ca\/International\/wp-json\/wp\/v2\/categories?post=106874"},{"taxonomy":"post_tag","embeddable":true,"href":"https:\/\/linitiative.ca\/International\/wp-json\/wp\/v2\/tags?post=106874"}],"curies":[{"name":"wp","href":"https:\/\/api.w.org\/{rel}","templated":true}]}}