{"id":106875,"date":"2020-12-10T15:14:04","date_gmt":"2020-12-10T20:14:04","guid":{"rendered":"https:\/\/linitiative.ca\/International\/ligue-1-2-jsk-bouzidi-obtient-une-derogation\/"},"modified":"2020-12-10T15:14:04","modified_gmt":"2020-12-10T20:14:04","slug":"ligue-1-2-jsk-bouzidi-obtient-une-derogation","status":"publish","type":"post","link":"https:\/\/linitiative.ca\/International\/ligue-1-2-jsk-bouzidi-obtient-une-derogation\/","title":{"rendered":"Ligue 1 &amp; 2 : JSK: Bouzidi obtient une d\u00e9rogation"},"content":{"rendered":"<div readability=\"32\">\n<p>Auteur : <span class=\"time\">jeudi 10 d\u00e9cembre 2020 17:18<\/span><\/p>\n<\/div>\n<div id=\"post_core\" readability=\"40\">\n<p>Le nouvel entra\u00eeneur de la JS Kabylie, Youcef\u00a0 Bouzidi, a obtenu une d\u00e9rogation de la part de la Ligue de football\u00a0 professionnel (LFP) pour pouvoir diriger son \u00e9quipe sur la main courante, a\u00a0 annonc\u00e9 jeudi le club pensionnaire de la Ligue 1 dans un communiqu\u00e9. Le document \u00ab\u00a0est valable pour 15 jours. L\u2019entra\u00eeneur Bouzidi sera sur le banc vendredi face au CR Belouizdad et lors du prochain match en d\u00e9placement face \u00e0 l\u2019ASO Chlef\u00a0\u00bb, a indiqu\u00e9 la JSK sur sa page officielle Facebook, pr\u00e9cisant que \u00ab\u00a0cette d\u00e9rogation est d\u00e9livr\u00e9e en attendant la r\u00e9gularisation du dossier de qualification\u00a0\u00bb.<\/p>\n<p><strong>Publi\u00e9 dans :<\/strong> <span>Bouzidi<\/span><\/p>\n<\/div>\n<p>Auteur:<br \/>\n<a href=\"http:\/\/www.lebuteur.com\/article\/detail?titre=jsk-bouzidi-obtient-une-derogation&#038;id=98295&#038;utm_source=feedburner&#038;utm_medium=feed&#038;utm_campaign=Feed%3A+GalerieFArtciles+%28Les+derniers+articles++-+lebuteur.com%29\">Cliquez ici pour lire l&rsquo;article depuis sa source.<\/a><\/p>\n","protected":false},"excerpt":{"rendered":"<p>Auteur : jeudi 10 d\u00e9cembre 2020 17:18 Le nouvel entra\u00eeneur de la JS Kabylie, Youcef\u00a0 Bouzidi, a obtenu une d\u00e9rogation de la part de la Ligue de football\u00a0 professionnel (LFP) pour pouvoir diriger son \u00e9quipe sur la main courante, a\u00a0 annonc\u00e9 jeudi le club pensionnaire de la Ligue 1 dans un communiqu\u00e9. Le document \u00ab\u00a0est [&hellip;]<\/p>\n","protected":false},"author":1738,"featured_media":0,"comment_status":"closed","ping_status":"closed","sticky":false,"template":"","format":"standard","meta":{"fifu_image_url":"\/\/cdn.lebuteur.com\/data\/images\/article\/thumbs\/large-jsk-bouzidi-obtient-une-derogation-441f2.jpg","fifu_image_alt":"Ligue 1 & 2 : JSK: Bouzidi obtient une d\u00e9rogation","footnotes":""},"categories":[53,75],"tags":[],"class_list":["post-106875","post","type-post","status-publish","format-standard","hentry","category-algerie","category-sport"],"_links":{"self":[{"href":"https:\/\/linitiative.ca\/International\/wp-json\/wp\/v2\/posts\/106875","targetHints":{"allow":["GET"]}}],"collection":[{"href":"https:\/\/linitiative.ca\/International\/wp-json\/wp\/v2\/posts"}],"about":[{"href":"https:\/\/linitiative.ca\/International\/wp-json\/wp\/v2\/types\/post"}],"author":[{"embeddable":true,"href":"https:\/\/linitiative.ca\/International\/wp-json\/wp\/v2\/users\/1738"}],"replies":[{"embeddable":true,"href":"https:\/\/linitiative.ca\/International\/wp-json\/wp\/v2\/comments?post=106875"}],"version-history":[{"count":0,"href":"https:\/\/linitiative.ca\/International\/wp-json\/wp\/v2\/posts\/106875\/revisions"}],"wp:attachment":[{"href":"https:\/\/linitiative.ca\/International\/wp-json\/wp\/v2\/media?parent=106875"}],"wp:term":[{"taxonomy":"category","embeddable":true,"href":"https:\/\/linitiative.ca\/International\/wp-json\/wp\/v2\/categories?post=106875"},{"taxonomy":"post_tag","embeddable":true,"href":"https:\/\/linitiative.ca\/International\/wp-json\/wp\/v2\/tags?post=106875"}],"curies":[{"name":"wp","href":"https:\/\/api.w.org\/{rel}","templated":true}]}}