{"id":106877,"date":"2020-12-10T15:14:09","date_gmt":"2020-12-10T20:14:09","guid":{"rendered":"https:\/\/linitiative.ca\/International\/pros-manchester-city-la-titularisation-de-mahrez-face-a-lom-laisse-planer-le-doute-sur-sa-presence-au-derby-mancunien\/"},"modified":"2020-12-10T15:14:09","modified_gmt":"2020-12-10T20:14:09","slug":"pros-manchester-city-la-titularisation-de-mahrez-face-a-lom-laisse-planer-le-doute-sur-sa-presence-au-derby-mancunien","status":"publish","type":"post","link":"https:\/\/linitiative.ca\/International\/pros-manchester-city-la-titularisation-de-mahrez-face-a-lom-laisse-planer-le-doute-sur-sa-presence-au-derby-mancunien\/","title":{"rendered":"Pros : Manchester City: La titularisation de Mahrez face \u00e0 l\u2019OM laisse planer le doute sur sa pr\u00e9sence au derby mancunien"},"content":{"rendered":"<div readability=\"32\">\n<p>Auteur : <span>Riad Ouenzar<\/span> <span class=\"time\">jeudi 10 d\u00e9cembre 2020 17:45<\/span><\/p>\n<\/div>\n<div id=\"post_core\" readability=\"43\">\n<p>Riyad Mahrez a \u00e9t\u00e9 titularis\u00e9 par Pep Guardiola lors du pr\u00e9c\u00e9dent match des Citizens en Ligue des champions face \u00e0 l\u2019Olympique de Marseille. Le capitaine de l\u2019EN a livr\u00e9 une belle prestation face aux Marseillais avec \u00e0 la cl\u00e9 une passe d\u00e9cisive d\u00e9livr\u00e9e pour Torres. Cependant, la titularisation de Mahrez face \u00e0 l\u2019OM laisse planer le doute sur sa pr\u00e9sence au derby mancunien. Et pour cause, Guardiola avait d\u00e9clar\u00e9 r\u00e9cemment que le joueur qui allait participer \u00e0 l\u2019int\u00e9gralit\u00e9 de la rencontre de samedi dernier en Premier League n\u2019allait pas jouer le match de mercredi en LDC. Or, Mahrez et G\u00fcndo\u011fan ont fait exception \u00e0 la r\u00e8gle. En effet, l\u2019ancien joueur de Leicester City, et apr\u00e8s avoir particip\u00e9 aux quatre-vingt-dix minutes du match de samedi contre Fulham, a jou\u00e9 plus d\u2019une heure face \u00e0 l\u2019OM en Ligue des champions. Pour certains, cela signifie qu\u2019il sera sur le banc ce week-end lors du derby face \u00e0 Manchester United. Mais pour d\u2019autre, Mahrez a tout simplement r\u00e9ussi \u00e0 gagner la confiance de Guardiola gr\u00e2ce\u00a0 \u00e0 ses belles prestations fournisses lors des derni\u00e8res sorties de Man City. R\u00e9ponse samedi \u00e0 18h30.<\/p>\n<p><strong>Publi\u00e9 dans :<\/strong> <span>Mahrez<\/span><\/p>\n<\/div>\n<p>Auteur:<br \/>\n<a href=\"http:\/\/www.lebuteur.com\/article\/detail?titre=manchester-city-la-titularisation-de-mahrez-face-a-lom-laisse-planer-le-doute-sur-sa-presence-au-derby-mancunien&#038;id=98297&#038;utm_source=feedburner&#038;utm_medium=feed&#038;utm_campaign=Feed%3A+GalerieFArtciles+%28Les+derniers+articles++-+lebuteur.com%29\">Cliquez ici pour lire l&rsquo;article depuis sa source.<\/a><\/p>\n","protected":false},"excerpt":{"rendered":"<p>Auteur : Riad Ouenzar jeudi 10 d\u00e9cembre 2020 17:45 Riyad Mahrez a \u00e9t\u00e9 titularis\u00e9 par Pep Guardiola lors du pr\u00e9c\u00e9dent match des Citizens en Ligue des champions face \u00e0 l\u2019Olympique de Marseille. Le capitaine de l\u2019EN a livr\u00e9 une belle prestation face aux Marseillais avec \u00e0 la cl\u00e9 une passe d\u00e9cisive d\u00e9livr\u00e9e pour Torres. Cependant, [&hellip;]<\/p>\n","protected":false},"author":1738,"featured_media":0,"comment_status":"closed","ping_status":"closed","sticky":false,"template":"","format":"standard","meta":{"fifu_image_url":"\/\/cdn.lebuteur.com\/data\/images\/article\/thumbs\/large-manchester-city-la-titularisation-de-mahrez-face-a-lom-laisse-planer-le-doute-sur-sa-presence-au-derby-mancunien-b63eb.jpg","fifu_image_alt":"Pros : Manchester City: La titularisation de Mahrez face \u00e0 l\u2019OM laisse planer le doute sur sa pr\u00e9sence au derby mancunien","footnotes":""},"categories":[53,75],"tags":[],"class_list":["post-106877","post","type-post","status-publish","format-standard","hentry","category-algerie","category-sport"],"_links":{"self":[{"href":"https:\/\/linitiative.ca\/International\/wp-json\/wp\/v2\/posts\/106877","targetHints":{"allow":["GET"]}}],"collection":[{"href":"https:\/\/linitiative.ca\/International\/wp-json\/wp\/v2\/posts"}],"about":[{"href":"https:\/\/linitiative.ca\/International\/wp-json\/wp\/v2\/types\/post"}],"author":[{"embeddable":true,"href":"https:\/\/linitiative.ca\/International\/wp-json\/wp\/v2\/users\/1738"}],"replies":[{"embeddable":true,"href":"https:\/\/linitiative.ca\/International\/wp-json\/wp\/v2\/comments?post=106877"}],"version-history":[{"count":0,"href":"https:\/\/linitiative.ca\/International\/wp-json\/wp\/v2\/posts\/106877\/revisions"}],"wp:attachment":[{"href":"https:\/\/linitiative.ca\/International\/wp-json\/wp\/v2\/media?parent=106877"}],"wp:term":[{"taxonomy":"category","embeddable":true,"href":"https:\/\/linitiative.ca\/International\/wp-json\/wp\/v2\/categories?post=106877"},{"taxonomy":"post_tag","embeddable":true,"href":"https:\/\/linitiative.ca\/International\/wp-json\/wp\/v2\/tags?post=106877"}],"curies":[{"name":"wp","href":"https:\/\/api.w.org\/{rel}","templated":true}]}}