{"id":106878,"date":"2020-12-10T15:14:11","date_gmt":"2020-12-10T20:14:11","guid":{"rendered":"https:\/\/linitiative.ca\/International\/equipe-dalgerie-auteur-de-5-buts-en-6-matchsbendebka-je-ne-desespere-pas-de-reintegrer-len\/"},"modified":"2020-12-10T15:14:11","modified_gmt":"2020-12-10T20:14:11","slug":"equipe-dalgerie-auteur-de-5-buts-en-6-matchsbendebka-je-ne-desespere-pas-de-reintegrer-len","status":"publish","type":"post","link":"https:\/\/linitiative.ca\/International\/equipe-dalgerie-auteur-de-5-buts-en-6-matchsbendebka-je-ne-desespere-pas-de-reintegrer-len\/","title":{"rendered":"Equipe d&rsquo;Alg\u00e9rie : Auteur de 5 buts en 6 matchs:Bendebka ; \u00abJe ne d\u00e9sesp\u00e8re pas de r\u00e9int\u00e9grer l\u2019EN\u00bb"},"content":{"rendered":"<div readability=\"32\">\n<p>Auteur : <span>Moumen Ait Kaci Ali<\/span> <span class=\"time\">jeudi 10 d\u00e9cembre 2020 18:52<\/span><\/p>\n<\/div>\n<div id=\"post_core\" readability=\"111\">\n<p>Auteur d\u2019un d\u00e9part canon avec son club en Arabie Saoudite, le milieu de terrain alg\u00e9rien d\u2019Al Fateh Sofiane Bendebka enregistre des statistiques qui lui permettent de frapper de nouveau \u00a0aux portes de l\u2019Euripe nationale. Evoluant dans un poste o\u00f9 la concurrence demeure enti\u00e8re et ouverte,\u00a0 l\u2019ancien milieu d\u00e9fensif du Mouloudia d\u2019Alger et du NAHD Hussein Dey qui reste sur 5 buts en 6 matchs, ne cache pas son ambition de r\u00e9int\u00e9grer le groupe des Verts.<\/p>\n<p><strong>Vous commencez une excellente saison avec Al Fateh en Arabie Saoudite, pouvez-vous revenir sur ce bon d\u00e9part\u00a0?<\/strong><\/p>\n<p>Hamdoulillah, \u00e0 vrai dire mon d\u00e9but de saison est la suite logique de la saison \u00e9coul\u00e9e qu\u2019on avait finie en deux parties. Depuis que je suis ici \u00e0 Al Fateh en Arabie Saoudite,\u00a0 je ne cesse de m\u2019\u00e9panouir et avec le travail et le s\u00e9rieux j\u2019arrive \u00e0 am\u00e9liorer mes statistiques<\/p>\n<p><strong>Vous avez r\u00e9alis\u00e9 une tr\u00e8s bonne progression o\u00f9 pouvez-vous situer cette diff\u00e9rence entre le championnat alg\u00e9rien et Saoudien\u00a0?<\/strong><\/p>\n<p>Sinc\u00e8rement c\u2019est au niveau du rythme des matchs que j\u2019ai ressenti la diff\u00e9rence. Ici en Arabie Saoudite \u00e7a joue vite et vers l\u2019avant. Au d\u00e9but j\u2019ai rencontr\u00e9 quelques difficult\u00e9s et j\u2019\u00e9tais oblig\u00e9 de travailler davantage \u00a0pour combler ce d\u00e9ficit, hamdoulillah je suis au niveau de mes camarades et j\u2019arrive \u00e0 aider mon club en me montrant d\u00e9cisif.<\/p>\n<p><strong>Vous \u00e9voluez au milieu de terrain mais vous avez arriv\u00e9 \u00e0 marquer des buts, c\u2019est quoi vitre r\u00f4le dans cette \u00e9quipe\u00a0?<\/strong><\/p>\n<p>Je suis un milieu de terrain polyvalent capable d\u2019assumer des r\u00f4les d\u00e9fensifs et offensifs. Au d\u00e9but j\u2019\u00e9tais souvent align\u00e9\u00a0 comme sentinelle carr\u00e9ment apr\u00e8s le coach avait constat\u00e9 que j\u2019\u00e9tais plus efficace en m\u2019alignant dans un registre\u00a0 avanc\u00e9.\u00a0 J\u2019aime bien plong\u00e9 dans la surface adverse et cela me r\u00e9ussit bien puisque j\u2019arrive \u00e0 marquer des buts pour mon \u00e9quipe.<\/p>\n<p><strong>Dans quel registre \u00eates-vous plus \u00e0 l\u2019aise\u00a0?<\/strong><\/p>\n<p>Je suis \u00e0 l\u2019aise dans tous les postes au milieu de terrain mais j\u2019aime jouer comme relayeur droit, c\u2019est le poste o\u00f9 j\u2019ai pu marquer le plus souvent avec le Mouloudia d\u2019Alger surtout. C\u2019est dans ce r\u00f4le-l\u00e0 que j\u2019ai pu marquer 5 buts et d\u00e9livr\u00e9 3 passes d\u00e9cisives avec mon club l\u2019ann\u00e9e pass\u00e9e sur 13 matchs jou\u00e9s seulement. Cette saison, on a un manque devant et je suis en train de d\u00e9panner comme second attaquant. L\u00e0 aussi Hamdoulillah,\u00a0 j\u2019ai \u00a0\u00a0r\u00e9ussi \u00e0 me montrer plus efficace en marquant 5 buts en 6 matchs.<\/p>\n<p><strong>Cela vous donne l\u2019ambition de r\u00eaver \u00e0 int\u00e9grer la s\u00e9lection nationale, sachant\u00a0 que vous avez \u00a0\u00e9t\u00e9 d\u00e9j\u00e0 s\u00e9lectionn\u00e9\u00a0auparavant?<\/strong><\/p>\n<p>Oui,\u00a0 bien s\u00fbr depuis \u00a0l\u2019arriv\u00e9e du coach Belmadi les portes sont devenues ouvertes pour tous les joueurs. On a vu que des \u00e9l\u00e9ments jusqu\u2019ici disparus de l\u2019Equipe nationale revenir et gagner m\u00eame un titre de Champion d\u2019Afrique. Je veux parler des joueurs \u00e9voluant au Golfe \u00e0 l\u2019image de Belaili, Djamel Benlamri, ou Baghdad Bounedjah. Porter les couleurs l\u2019Equipe nationale est une fiert\u00e9, je ferai tout pour y arriver.<\/p>\n<p><strong>Les places restent ch\u00e8res pratiquement dans tous les postes\u2026<\/strong><\/p>\n<p>Exactement,\u00a0 \u00e0 pr\u00e9sent nous avons un effectif riche dans tous les compartiments. On peut dire sans le moindre risque de se tromper\u00a0 que l\u2019Alg\u00e9rie est la meilleure s\u00e9lection d\u2019Afrique et Arabe donc il faut vraiment prouver\u00a0 pour esp\u00e9rer int\u00e9grer ce groupe de Champions d\u2019Afrique. Je travaille \u00e0 fond pour r\u00e9aliser ce r\u00eave Inch\u2019Allah. Je sais que les places sont ch\u00e8res mais je ne d\u00e9sesp\u00e8re \u00a0pas de r\u00e9int\u00e9grer l\u2019EN.<\/p>\n<p><strong>\u00a0Un dernier mot peut \u00eatre pour les supporteurs du NAHD et du Mouloudia, vos deux anciens clubs\u00a0?<\/strong><\/p>\n<p>Comme vous devriez le savoir je suis\u00a0 \u00e0 l\u2019\u00e9coute\u00a0 de tout ce qui touche le football national et plus particuli\u00e8rement la vie quotidienne du NAHD et du Mouloudia d\u2019Alger. Je suis \u00e0 jour concernant ces deux \u00e9quipes. Pour le NAHD je souhaite que les chosent s\u2019am\u00e9liorent. \u00a0Je souhaite que cette ann\u00e9e sera bien meilleure que celle de la saison pass\u00e9e. Pour le MCA, c\u2019est une ann\u00e9e sp\u00e9ciale, avec l\u2019anniversaire du centenaire du club. Je souhaite au doyen une ann\u00e9e \u00e0 la hauteur de la grandeur de ce grand club.<\/p>\n<p><strong>Entretien r\u00e9alis\u00e9 par Moumen Ait Kaci Ali<\/strong><\/p>\n<p><strong>Publi\u00e9 dans :<\/strong> <span>djamel belmadi<\/span> <span>Sofiane Bendebka<\/span><\/p>\n<\/div>\n<p>Auteur:<br \/>\n<a href=\"http:\/\/www.lebuteur.com\/article\/detail?titre=auteur-de-5-buts-en-6-matchs-bendebka-je-ne-desespere-pas-de-reintegrer-len&#038;id=98298&#038;utm_source=feedburner&#038;utm_medium=feed&#038;utm_campaign=Feed%3A+GalerieFArtciles+%28Les+derniers+articles++-+lebuteur.com%29\">Cliquez ici pour lire l&rsquo;article depuis sa source.<\/a><\/p>\n","protected":false},"excerpt":{"rendered":"<p>Auteur : Moumen Ait Kaci Ali jeudi 10 d\u00e9cembre 2020 18:52 Auteur d\u2019un d\u00e9part canon avec son club en Arabie Saoudite, le milieu de terrain alg\u00e9rien d\u2019Al Fateh Sofiane Bendebka enregistre des statistiques qui lui permettent de frapper de nouveau \u00a0aux portes de l\u2019Euripe nationale. Evoluant dans un poste o\u00f9 la concurrence demeure enti\u00e8re et [&hellip;]<\/p>\n","protected":false},"author":1738,"featured_media":0,"comment_status":"closed","ping_status":"closed","sticky":false,"template":"","format":"standard","meta":{"fifu_image_url":"\/\/cdn.lebuteur.com\/data\/images\/article\/thumbs\/large-auteur-de-5-buts-en-6-matchs-bendebka-je-ne-desespere-pas-de-reintegrer-len-cdb0c.jpg","fifu_image_alt":"Equipe d'Alg\u00e9rie : Auteur de 5 buts en 6 matchs:Bendebka ; \u00abJe ne d\u00e9sesp\u00e8re pas de r\u00e9int\u00e9grer l\u2019EN\u00bb","footnotes":""},"categories":[53,75],"tags":[],"class_list":["post-106878","post","type-post","status-publish","format-standard","hentry","category-algerie","category-sport"],"_links":{"self":[{"href":"https:\/\/linitiative.ca\/International\/wp-json\/wp\/v2\/posts\/106878","targetHints":{"allow":["GET"]}}],"collection":[{"href":"https:\/\/linitiative.ca\/International\/wp-json\/wp\/v2\/posts"}],"about":[{"href":"https:\/\/linitiative.ca\/International\/wp-json\/wp\/v2\/types\/post"}],"author":[{"embeddable":true,"href":"https:\/\/linitiative.ca\/International\/wp-json\/wp\/v2\/users\/1738"}],"replies":[{"embeddable":true,"href":"https:\/\/linitiative.ca\/International\/wp-json\/wp\/v2\/comments?post=106878"}],"version-history":[{"count":0,"href":"https:\/\/linitiative.ca\/International\/wp-json\/wp\/v2\/posts\/106878\/revisions"}],"wp:attachment":[{"href":"https:\/\/linitiative.ca\/International\/wp-json\/wp\/v2\/media?parent=106878"}],"wp:term":[{"taxonomy":"category","embeddable":true,"href":"https:\/\/linitiative.ca\/International\/wp-json\/wp\/v2\/categories?post=106878"},{"taxonomy":"post_tag","embeddable":true,"href":"https:\/\/linitiative.ca\/International\/wp-json\/wp\/v2\/tags?post=106878"}],"curies":[{"name":"wp","href":"https:\/\/api.w.org\/{rel}","templated":true}]}}