{"id":106887,"date":"2020-12-10T09:16:00","date_gmt":"2020-12-10T14:16:00","guid":{"rendered":"https:\/\/linitiative.ca\/International\/la-haute-instance-des-finances-locales-une-mission-en-9-attributions\/"},"modified":"2020-12-10T09:16:00","modified_gmt":"2020-12-10T14:16:00","slug":"la-haute-instance-des-finances-locales-une-mission-en-9-attributions","status":"publish","type":"post","link":"https:\/\/linitiative.ca\/International\/la-haute-instance-des-finances-locales-une-mission-en-9-attributions\/","title":{"rendered":"La Haute instance des finances locales: Une mission en 9 attributions"},"content":{"rendered":"<p>La Haute instance des finances locales a \u00e9t\u00e9 cr\u00e9\u00e9e sous la tutelle du Haut Conseil des collectivit\u00e9s locales. Sa mission est d\u2019examiner toutes les questions relatives \u00e0 la finance locale, sa consolidation, sa modernisation et sa bonne gestion conform\u00e9ment aux r\u00e8gles de bonne gouvernance, afin de promouvoir l\u2019autonomie financi\u00e8re des collectivit\u00e9s locales et de r\u00e9duire les disparit\u00e9s entre elles.<\/p>\n<p class=\"c3\"><span class=\"c2\"><strong>\u2022<\/strong><\/span> Renforcer les capacit\u00e9s financi\u00e8res des collectivit\u00e9s locales \u00e0 satisfaire les affaires locales,<\/p>\n<p class=\"c3\"><span class=\"c2\"><strong>\u2022<\/strong><\/span> Proposer les estimations des ressources financi\u00e8res pouvant \u00eatre transf\u00e9r\u00e9es aux collectivit\u00e9s locales dans le projet de budget de l\u2019Etat,<\/p>\n<p class=\"c3\"><span class=\"c2\"><strong>\u2022<\/strong><\/span> Proposer les crit\u00e8res de r\u00e9partition des transferts de l\u2019Etat aux collectivit\u00e9s locales,<\/p>\n<p class=\"c3\"><span class=\"c2\"><strong>\u2022<\/strong><\/span> Assurer le suivi de l\u2019ex\u00e9cution de la r\u00e9partition des quotes-parts revenant \u00e0 chaque collectivit\u00e9 locale des cr\u00e9dits du fonds d\u2019appui \u00e0 la d\u00e9centralisation, de r\u00e9gularisation, de p\u00e9r\u00e9quation et de solidarit\u00e9 entre les collectivit\u00e9s locales et, le cas \u00e9ch\u00e9ant, proposer les modifications n\u00e9cessaires,<\/p>\n<p class=\"c3\"><span class=\"c2\"><strong>\u2022<\/strong><\/span> Etablir des \u00e9tudes pr\u00e9alables du co\u00fbt estimatif des transferts ou \u00e9largissement des comp\u00e9tences en concertation avec les services de l\u2019autorit\u00e9 centrale,<\/p>\n<p class=\"c3\"><span class=\"c2\"><strong>\u2022<\/strong><\/span> Effectuer les analyses financi\u00e8res des diff\u00e9rentes collectivit\u00e9s locales \u00e0 la lumi\u00e8re des \u00e9tats financiers qui lui sont obligatoirement transf\u00e9r\u00e9s par lesdites collectivit\u00e9s,<\/p>\n<p class=\"c3\"><span class=\"c2\"><strong>\u2022<\/strong><\/span> Examiner le volume des r\u00e9mun\u00e9rations publiques des collectivit\u00e9s locales conform\u00e9ment aux dispositions de l\u2019article 9 de la pr\u00e9sente loi,<\/p>\n<p class=\"c3\"><span class=\"c2\"><strong>\u2022<\/strong><\/span> Assurer le suivi de l\u2019endettement des collectivit\u00e9s locales,<\/p>\n<p class=\"c3\"><span class=\"c2\"><strong>\u2022<\/strong><\/span> R\u00e9aliser, de mani\u00e8re p\u00e9riodique, et tous les trois ans, les \u00e9tudes d\u2019\u00e9valuation et de prospection des finances locales.<\/p>\n<p><strong>Lire aussi<\/strong><\/p>\n<p><a href=\"https:\/\/www.leaders.com.tn\/article\/31058-finances-locales-une-haute-instance-si-indispensable\" target=\"_blank\" rel=\"noopener\">Finances locales: Une haute instance si indispensable<\/a><\/p>\n<p><a href=\"https:\/\/www.leaders.com.tn\/article\/31045-amel-elloumi-baouab-la-haute-magistrate-dediee-aux-collectivites-locales\" target=\"_blank\" rel=\"noopener\">Amel Elloumi Baouab: la haute magistrate d\u00e9di\u00e9e aux collectivit\u00e9s locales<\/a><\/p>\n<p class=\"c4\"><strong><a href=\"https:\/\/www.leaders.com.tn\/le_mensuel_abonnez_vous\" target=\"_blank\" rel=\"noopener\"><img loading=\"lazy\" decoding=\"async\" src=\"\/uploads\/FCK_files\/Bandeau-Leaders(2).jpg\" alt=\"\" width=\"500\" vspace=\"5\" hspace=\"5\" height=\"128\" align=\"middle\"\/><\/a><\/strong><\/p>\n<p>Auteur:<br \/>\n<a href=\"https:\/\/www.leaders.com.tn\/article\/31067-la-haute-instance-des-finances-locales-une-mission-en-9-attributions\">Cliquez ici pour lire l&rsquo;article depuis sa source.<\/a><\/p>\n","protected":false},"excerpt":{"rendered":"<p>La Haute instance des finances locales a \u00e9t\u00e9 cr\u00e9\u00e9e sous la tutelle du Haut Conseil des collectivit\u00e9s locales. Sa mission est d\u2019examiner toutes les questions relatives \u00e0 la finance locale, sa consolidation, sa modernisation et sa bonne gestion conform\u00e9ment aux r\u00e8gles de bonne gouvernance, afin de promouvoir l\u2019autonomie financi\u00e8re des collectivit\u00e9s locales et de r\u00e9duire [&hellip;]<\/p>\n","protected":false},"author":1772,"featured_media":0,"comment_status":"closed","ping_status":"closed","sticky":false,"template":"","format":"standard","meta":{"fifu_image_url":"\/uploads\/FCK_files\/Bandeau-Leaders(2).jpg","fifu_image_alt":"La Haute instance des finances locales: Une mission en 9 attributions","footnotes":""},"categories":[73,55],"tags":[],"class_list":["post-106887","post","type-post","status-publish","format-standard","hentry","category-actualite","category-tunisie"],"_links":{"self":[{"href":"https:\/\/linitiative.ca\/International\/wp-json\/wp\/v2\/posts\/106887","targetHints":{"allow":["GET"]}}],"collection":[{"href":"https:\/\/linitiative.ca\/International\/wp-json\/wp\/v2\/posts"}],"about":[{"href":"https:\/\/linitiative.ca\/International\/wp-json\/wp\/v2\/types\/post"}],"author":[{"embeddable":true,"href":"https:\/\/linitiative.ca\/International\/wp-json\/wp\/v2\/users\/1772"}],"replies":[{"embeddable":true,"href":"https:\/\/linitiative.ca\/International\/wp-json\/wp\/v2\/comments?post=106887"}],"version-history":[{"count":0,"href":"https:\/\/linitiative.ca\/International\/wp-json\/wp\/v2\/posts\/106887\/revisions"}],"wp:attachment":[{"href":"https:\/\/linitiative.ca\/International\/wp-json\/wp\/v2\/media?parent=106887"}],"wp:term":[{"taxonomy":"category","embeddable":true,"href":"https:\/\/linitiative.ca\/International\/wp-json\/wp\/v2\/categories?post=106887"},{"taxonomy":"post_tag","embeddable":true,"href":"https:\/\/linitiative.ca\/International\/wp-json\/wp\/v2\/tags?post=106887"}],"curies":[{"name":"wp","href":"https:\/\/api.w.org\/{rel}","templated":true}]}}