{"id":106891,"date":"2020-12-10T15:19:13","date_gmt":"2020-12-10T20:19:13","guid":{"rendered":"https:\/\/linitiative.ca\/International\/maroc-israel-bientot-possible-par-vol-direct\/"},"modified":"2020-12-10T15:19:13","modified_gmt":"2020-12-10T20:19:13","slug":"maroc-israel-bientot-possible-par-vol-direct","status":"publish","type":"post","link":"https:\/\/linitiative.ca\/International\/maroc-israel-bientot-possible-par-vol-direct\/","title":{"rendered":"Maroc-Isra\u00ebl : bient\u00f4t possible par vol direct"},"content":{"rendered":"<p><strong>Plut\u00f4t dans la soir\u00e9e, un tweet du pr\u00e9sident am\u00e9ricain sortant Donald Trump annon\u00e7ait que le Maroc allait normaliser ses relations avec Isra\u00ebl, et que les \u00c9tats-Unis reconnaissaient la souverainet\u00e9 marocaine sur le Sahara occidental.<\/strong><\/p>\n<div class=\"c10\"\/>\n<p>Un peu plus tard, ces dires ont \u00e9t\u00e9 confirm\u00e9s \u00e0 travers un communiqu\u00e9 du cabinet royal. Ce dernier a annonc\u00e9 que le Roi Mohamed VI a eu un entretien t\u00e9l\u00e9phonique avec le pr\u00e9sident am\u00e9ricain. Le communiqu\u00e9 a annonc\u00e9 diverses d\u00e9cisions phares du c\u00f4t\u00e9 marocain o\u00f9 figurait entre autres d\u2019accorder des autorisations de vols directs pour le transport des membres de la communaut\u00e9 juive marocaine et des touristes isra\u00e9liens en provenance et \u00e0 destination du Maroc.<\/p>\n<p><strong>Lire aussi | <a href=\"https:\/\/www.challenge.ma\/trump-proclame-dans-un-tweet-la-souverainete-marocaine-sur-le-sahara-168344\/\">Trump proclame la souverainet\u00e9 marocaine sur le Sahara<\/a><\/strong><\/p>\n<p>Par ailleurs, Netanyahou a \u00e9galement annonc\u00e9 ce soir qu\u2019Isra\u00ebl et le Maroc \u00e9tabliront des vols directs en 2021, ce qui marquerait une \u00e9tape importante dans la normalisation des relations entre les deux pays. El Al, compagnie a\u00e9rienne isra\u00e9lienne, a d\u00e9clar\u00e9 qu\u2019elle examinait la possibilit\u00e9 d\u2019\u00e9tablir des vols directs entre Isra\u00ebl et le Maroc \u00e0 la suite de cette d\u00e9cision. De tels vols \u00ab\u00a0seraient tr\u00e8s populaires aupr\u00e8s de la client\u00e8le isra\u00e9lienne\u00a0\u00bb, a d\u00e9clar\u00e9 le transporteur dans un communiqu\u00e9.<\/p>\n<p>Auteur: challenge<br \/>\n<a href=\"https:\/\/www.challenge.ma\/maroc-israel-bientot-possible-par-vol-aerien-168376\/\">Cliquez ici pour lire l&rsquo;article depuis sa source.<\/a><\/p>\n","protected":false},"excerpt":{"rendered":"<p>Plut\u00f4t dans la soir\u00e9e, un tweet du pr\u00e9sident am\u00e9ricain sortant Donald Trump annon\u00e7ait que le Maroc allait normaliser ses relations avec Isra\u00ebl, et que les \u00c9tats-Unis reconnaissaient la souverainet\u00e9 marocaine sur le Sahara occidental. Un peu plus tard, ces dires ont \u00e9t\u00e9 confirm\u00e9s \u00e0 travers un communiqu\u00e9 du cabinet royal. Ce dernier a annonc\u00e9 que [&hellip;]<\/p>\n","protected":false},"author":1787,"featured_media":0,"comment_status":"closed","ping_status":"closed","sticky":false,"template":"","format":"standard","meta":{"fifu_image_url":"","fifu_image_alt":"","footnotes":""},"categories":[78,54],"tags":[],"class_list":["post-106891","post","type-post","status-publish","format-standard","hentry","category-economie","category-maroc"],"_links":{"self":[{"href":"https:\/\/linitiative.ca\/International\/wp-json\/wp\/v2\/posts\/106891","targetHints":{"allow":["GET"]}}],"collection":[{"href":"https:\/\/linitiative.ca\/International\/wp-json\/wp\/v2\/posts"}],"about":[{"href":"https:\/\/linitiative.ca\/International\/wp-json\/wp\/v2\/types\/post"}],"author":[{"embeddable":true,"href":"https:\/\/linitiative.ca\/International\/wp-json\/wp\/v2\/users\/1787"}],"replies":[{"embeddable":true,"href":"https:\/\/linitiative.ca\/International\/wp-json\/wp\/v2\/comments?post=106891"}],"version-history":[{"count":0,"href":"https:\/\/linitiative.ca\/International\/wp-json\/wp\/v2\/posts\/106891\/revisions"}],"wp:attachment":[{"href":"https:\/\/linitiative.ca\/International\/wp-json\/wp\/v2\/media?parent=106891"}],"wp:term":[{"taxonomy":"category","embeddable":true,"href":"https:\/\/linitiative.ca\/International\/wp-json\/wp\/v2\/categories?post=106891"},{"taxonomy":"post_tag","embeddable":true,"href":"https:\/\/linitiative.ca\/International\/wp-json\/wp\/v2\/tags?post=106891"}],"curies":[{"name":"wp","href":"https:\/\/api.w.org\/{rel}","templated":true}]}}