{"id":106892,"date":"2020-12-10T15:57:42","date_gmt":"2020-12-10T20:57:42","guid":{"rendered":"https:\/\/linitiative.ca\/International\/tomate-marocaine-de-nouveau-la-cible-des-producteurs-et-exportateurs-iberiques\/"},"modified":"2020-12-10T15:57:42","modified_gmt":"2020-12-10T20:57:42","slug":"tomate-marocaine-de-nouveau-la-cible-des-producteurs-et-exportateurs-iberiques","status":"publish","type":"post","link":"https:\/\/linitiative.ca\/International\/tomate-marocaine-de-nouveau-la-cible-des-producteurs-et-exportateurs-iberiques\/","title":{"rendered":"Tomate marocaine : de nouveau, la cible des producteurs et exportateurs ib\u00e9riques"},"content":{"rendered":"<p><strong>D\u00e9cid\u00e9ment, le Maroc devient la cible privil\u00e9gi\u00e9e par excellence de la F\u00e9d\u00e9ration espagnole des associations de producteurs exportateurs de fruits, l\u00e9gumes, fleurs et plantes vivantes <a href=\"https:\/\/www.fepex.es\/inicio.aspx\">(FEPEX).<\/a><\/strong><\/p>\n<div class=\"c10\"\/>\n<p>Sous l\u2019impulsion et l\u2019influence de la COEXPHAL (association r\u00e9gionale des producteurs de fruits et l\u00e9gumes d\u2019Almer\u00eda) qui lui est affili\u00e9e, cette puissante f\u00e9d\u00e9ration nationale ib\u00e9rique part en croisade contre la tomate marocaine pour la troisi\u00e8me fois en 2020.\u00a0 Si le motif est toujours le m\u00eame, \u00e0 savoir l\u2019impact des exportations de tomates marocaines \u00e0 bas prix vers l\u2019Union Europ\u00e9enne sur les prix des tomates \u00e0 Almer\u00eda (principale r\u00e9gion espagnole productrice de ce l\u00e9gume le plus consomm\u00e9 en Europe en volume, plus de 14kg par habitant par an), cette fois-ci, la FEPEX fait pression sur le minist\u00e8re espagnol de l\u2019Agriculture pour introduire aupr\u00e8s de la Commission europ\u00e9enne la mise en \u0153uvre des clauses de coop\u00e9ration et de sauvegarde pr\u00e9vues aux articles 4 et 7 du protocole de l\u2019accord entre l\u2019UE et le Maroc, dont le but est de corriger toute perturbation du march\u00e9.\u00a0 En clair, la FEPEX r\u00e9clame l\u2019application des droits de douane additionnels \u00e0 la tomate marocaine qui s\u2019exporte vers le march\u00e9 europ\u00e9en.<\/p>\n<p><strong>Lire aussi | <a href=\"https:\/\/www.challenge.ma\/gcam-dispositif-daccompagnement-pour-loleiculture-168291\/\">GCAM : dispositif d\u2019accompagnement pour l\u2019ol\u00e9iculture<\/a><\/strong><\/p>\n<p>Rien que cela ! A croire cette corporation qui annonce vouloir d\u00e9fendre les int\u00e9r\u00eats de ses affili\u00e9s par tous les moyens, la tomate en provenance du Maroc dont la saison se chevauche avec celle de son voisin du nord, arrive sur le march\u00e9 europ\u00e9en \u00e0 un prix tr\u00e8s bas, ce qui a fait subir aux exportations espagnoles vers l\u2019UE une baisse de 12%, entre octobre 2019 et avril 2020, par rapport \u00e0 la campagne pr\u00e9c\u00e9dente.<\/p>\n<p>Une tendance qui s\u2019est confirm\u00e9e lors du lancement de la campagne actuelle 2020-21, o\u00f9 le prix des tomates \u00e0 Almer\u00eda a plong\u00e9 de fa\u00e7on in\u00e9dite \u00e0 moins de 0,15 euro\/kg (soit \u00e0 pr\u00e8s de 1,5 dirham). De quoi d\u00e9primer les producteurs et agriculteurs du sud de l\u2019Espagne et raviver leur hostilit\u00e9 recuite de la tomate marocaine qui, \u00e0 l\u2019issue de la campagne pr\u00e9c\u00e9dente a d\u00e9pass\u00e9 en exportations vers l\u2019UE, pour la premi\u00e8re fois de l\u2019histoire, sa rivale alm\u00e9rienne avec un volume de 486.878 tonnes.<\/p>\n<p>Auteur: challenge<br \/>\n<a href=\"https:\/\/www.challenge.ma\/tomate-marocaine-de-nouveau-la-cible-des-producteurs-et-exportateurs-iberiques-168082\/\">Cliquez ici pour lire l&rsquo;article depuis sa source.<\/a><\/p>\n","protected":false},"excerpt":{"rendered":"<p>D\u00e9cid\u00e9ment, le Maroc devient la cible privil\u00e9gi\u00e9e par excellence de la F\u00e9d\u00e9ration espagnole des associations de producteurs exportateurs de fruits, l\u00e9gumes, fleurs et plantes vivantes (FEPEX). Sous l\u2019impulsion et l\u2019influence de la COEXPHAL (association r\u00e9gionale des producteurs de fruits et l\u00e9gumes d\u2019Almer\u00eda) qui lui est affili\u00e9e, cette puissante f\u00e9d\u00e9ration nationale ib\u00e9rique part en croisade contre [&hellip;]<\/p>\n","protected":false},"author":1787,"featured_media":0,"comment_status":"closed","ping_status":"closed","sticky":false,"template":"","format":"standard","meta":{"fifu_image_url":"","fifu_image_alt":"","footnotes":""},"categories":[78,54],"tags":[],"class_list":["post-106892","post","type-post","status-publish","format-standard","hentry","category-economie","category-maroc"],"_links":{"self":[{"href":"https:\/\/linitiative.ca\/International\/wp-json\/wp\/v2\/posts\/106892","targetHints":{"allow":["GET"]}}],"collection":[{"href":"https:\/\/linitiative.ca\/International\/wp-json\/wp\/v2\/posts"}],"about":[{"href":"https:\/\/linitiative.ca\/International\/wp-json\/wp\/v2\/types\/post"}],"author":[{"embeddable":true,"href":"https:\/\/linitiative.ca\/International\/wp-json\/wp\/v2\/users\/1787"}],"replies":[{"embeddable":true,"href":"https:\/\/linitiative.ca\/International\/wp-json\/wp\/v2\/comments?post=106892"}],"version-history":[{"count":0,"href":"https:\/\/linitiative.ca\/International\/wp-json\/wp\/v2\/posts\/106892\/revisions"}],"wp:attachment":[{"href":"https:\/\/linitiative.ca\/International\/wp-json\/wp\/v2\/media?parent=106892"}],"wp:term":[{"taxonomy":"category","embeddable":true,"href":"https:\/\/linitiative.ca\/International\/wp-json\/wp\/v2\/categories?post=106892"},{"taxonomy":"post_tag","embeddable":true,"href":"https:\/\/linitiative.ca\/International\/wp-json\/wp\/v2\/tags?post=106892"}],"curies":[{"name":"wp","href":"https:\/\/api.w.org\/{rel}","templated":true}]}}