{"id":106894,"date":"2020-12-10T16:43:40","date_gmt":"2020-12-10T21:43:40","guid":{"rendered":"https:\/\/linitiative.ca\/International\/tunisie-jendouba-colloque-sur-la-parente-positive-photos\/"},"modified":"2020-12-10T16:43:40","modified_gmt":"2020-12-10T21:43:40","slug":"tunisie-jendouba-colloque-sur-la-parente-positive-photos","status":"publish","type":"post","link":"https:\/\/linitiative.ca\/International\/tunisie-jendouba-colloque-sur-la-parente-positive-photos\/","title":{"rendered":"Tunisie: jendouba: Colloque sur la parent\u00e9 positive [photos]"},"content":{"rendered":"<div class=\"post-cont-in left relative\">\n<div id=\"post-info-wrap\" class=\"left relative post-info-out\">\n<div class=\"post-info-img left relative\"><img loading=\"lazy\" decoding=\"async\" alt=\"\" src=\"https:\/\/secure.gravatar.com\/avatar\/4e507094cc8003289b58af26e43363e6?s=50&amp;d=mm&amp;r=g\" srcset=\"https:\/\/secure.gravatar.com\/avatar\/4e507094cc8003289b58af26e43363e6?s=100&amp;d=mm&amp;r=g 2x\" class=\"avatar avatar-50 photo\" height=\"50\" width=\"50\"\/><\/div>\n<div class=\"post-info-in\">\n<div class=\"post-info-right left relative post-info-name left relative\"><span><span class=\"post-info-text\">Par<\/span> <span class=\"author-name vcard fn author\"><a href=\"https:\/\/www.tunisienumerique.com\/author\/sabrine-hamouda\/\" title=\"Articles par sabrine hamouda\" rel=\"author\">sabrine hamouda<\/a><\/span><\/span> <span class=\"post-date updated\"><time class=\"post-date updated\" datetime=\"2020-12-10\">\u00a0| Il y a 32 minutes<\/time><\/span><\/div>\n<div class=\"left relative\"><button id=\"listenButton1\" class=\"responsivevoice-button\" type=\"button\" value=\"Play\" title=\"&#xC9;coutez l'article\"><span>\ud83d\udd0a \u00c9coutez l&rsquo;article<\/span><\/button> <\/div>\n<\/div>\n<\/div>\n<p>Le minist\u00e8re de la Femme, de la Famille et des Personnes \u00e2g\u00e9es a organis\u00e9 ce jeudi 10 \u00a0d\u00e9cembre, un colloque dans la ville de Tabarka (gouvernorat de Jendouba) sur la parent\u00e9 positive.<\/p>\n<div class=\"code-block code-block-1 c4\"><ins class=\"adsbygoogle c3\" data-ad-layout=\"in-article\" data-ad-format=\"fluid\" data-ad-client=\"ca-pub-2102118777505746\" data-ad-slot=\"7301775417\"\/> <\/div>\n<p>Asma Matoussi Haidari, repr\u00e9sentante du minist\u00e8re de la Femme, a d\u00e9clar\u00e9 aux journalistes de Tunisienum\u00e9rique que le programme du premier jour consiste \u00e0 lancer la pr\u00e9sentation des r\u00e9sultats de l\u2019\u00e9tude sur \u00ab la connaissance des pratiques et des aspirations des parents \u00bb. Quant au deuxi\u00e8me jour, il sera consacr\u00e9 \u00e0 la pr\u00e9sentation du programme de \u00ab parentalit\u00e9 positive \u00bb, a-t-elle ajout\u00e9.<\/p>\n<p>Rappelons que le Chef du gouvernement, Hichem Mechichi a donn\u00e9 le signal du lancement du programme national pour la parent\u00e9 positive le 20 novembre 2020, \u00e0 l\u2019occasion de la c\u00e9l\u00e9bration de la Journ\u00e9e mondiale de l\u2019enfance.<\/p>\n<p><img loading=\"lazy\" decoding=\"async\" class=\"alignnone size-medium wp-image-597081\" src=\"https:\/\/www.tunisienumerique.com\/wp-content\/uploads\/2020\/12\/100-1.jpg\" alt=\"\" width=\"480\" height=\"318\"\/><img loading=\"lazy\" decoding=\"async\" class=\"alignnone size-medium wp-image-597082\" src=\"https:\/\/www.tunisienumerique.com\/wp-content\/uploads\/2020\/12\/101.jpg\" alt=\"\" width=\"480\" height=\"318\"\/><img loading=\"lazy\" decoding=\"async\" class=\"alignnone size-medium wp-image-597083\" src=\"https:\/\/www.tunisienumerique.com\/wp-content\/uploads\/2020\/12\/102.jpg\" alt=\"\" width=\"480\" height=\"318\"\/><\/p>\n<div class=\"swp_social_panel swp_horizontal_panel swp_flat_fresh swp_default_full_color swp_individual_full_color swp_other_full_color scale-100 scale-\" data-min-width=\"1100\" data-float-color=\"#ffffff\" data-float=\"bottom\" data-float-mobile=\"bottom\" data-transition=\"slide\">\n<div class=\"nc_tweetContainer swp_share_button total_shares total_sharesalt\"><span class=\"swp_count\">1 <span class=\"swp_label\">Partages<\/span><\/span><\/div>\n<\/div>\n<p><strong>Que se passe-t-il en Tunisie?<\/strong><br \/>Nous expliquons sur notre <a href=\"https:\/\/www.youtube.com\/channel\/UCRzypVq0B_yBad5eGrwBx0Q?sub_confirmation=1\" target=\"_blank\" rel=\"noopener\">cha\u00eene YouTube<\/a> . <a href=\"https:\/\/www.youtube.com\/channel\/UCRzypVq0B_yBad5eGrwBx0Q?sub_confirmation=1\" target=\"_blank\" rel=\"noopener\">Abonnez-vous!<\/a><\/p>\n<div class=\"mvp-org-wrap mvp-org-logo\" itemprop=\"publisher\"><img decoding=\"async\" src=\"https:\/\/www.tunisienumerique.com\/wp-content\/uploads\/2017\/02\/logo_tunisie_numerique.png\"\/><\/div>\n<div class=\"mvp-related-posts left relative\">\n<h4 class=\"post-header\"><span class=\"post-header\">Lire aussi<\/span><\/h4>\n<\/div>\n<div id=\"article-ad\"><ins class=\"adsbygoogle c5\" data-ad-client=\"ca-pub-2102118777505746\" data-ad-slot=\"6513972734\" data-ad-format=\"auto\" data-full-width-responsive=\"true\"\/> <\/div>\n<\/div>\n<div id=\"post-sidebar-wrap\"><ins class=\"adsbygoogle c5\" data-ad-client=\"ca-pub-2102118777505746\" data-ad-slot=\"6168283410\" data-ad-format=\"auto\" data-full-width-responsive=\"true\"\/> <\/div>\n<p>Auteur: sabrine hamouda<br \/>\n<a href=\"https:\/\/www.tunisienumerique.com\/tunisie-jendouba-colloque-sur-la-parente-positive-photos\/\">Cliquez ici pour lire l&rsquo;article depuis sa source.<\/a><\/p>\n","protected":false},"excerpt":{"rendered":"<p>Par sabrine hamouda \u00a0| Il y a 32 minutes \ud83d\udd0a \u00c9coutez l&rsquo;article Le minist\u00e8re de la Femme, de la Famille et des Personnes \u00e2g\u00e9es a organis\u00e9 ce jeudi 10 \u00a0d\u00e9cembre, un colloque dans la ville de Tabarka (gouvernorat de Jendouba) sur la parent\u00e9 positive. Asma Matoussi Haidari, repr\u00e9sentante du minist\u00e8re de la Femme, a d\u00e9clar\u00e9 [&hellip;]<\/p>\n","protected":false},"author":1789,"featured_media":0,"comment_status":"closed","ping_status":"closed","sticky":false,"template":"","format":"standard","meta":{"fifu_image_url":"https:\/\/secure.gravatar.com\/avatar\/4e507094cc8003289b58af26e43363e6?s=50&d=mm&r=g","fifu_image_alt":"Tunisie: jendouba: Colloque sur la parent\u00e9 positive [photos]","footnotes":""},"categories":[73,55],"tags":[],"class_list":["post-106894","post","type-post","status-publish","format-standard","hentry","category-actualite","category-tunisie"],"_links":{"self":[{"href":"https:\/\/linitiative.ca\/International\/wp-json\/wp\/v2\/posts\/106894","targetHints":{"allow":["GET"]}}],"collection":[{"href":"https:\/\/linitiative.ca\/International\/wp-json\/wp\/v2\/posts"}],"about":[{"href":"https:\/\/linitiative.ca\/International\/wp-json\/wp\/v2\/types\/post"}],"author":[{"embeddable":true,"href":"https:\/\/linitiative.ca\/International\/wp-json\/wp\/v2\/users\/1789"}],"replies":[{"embeddable":true,"href":"https:\/\/linitiative.ca\/International\/wp-json\/wp\/v2\/comments?post=106894"}],"version-history":[{"count":0,"href":"https:\/\/linitiative.ca\/International\/wp-json\/wp\/v2\/posts\/106894\/revisions"}],"wp:attachment":[{"href":"https:\/\/linitiative.ca\/International\/wp-json\/wp\/v2\/media?parent=106894"}],"wp:term":[{"taxonomy":"category","embeddable":true,"href":"https:\/\/linitiative.ca\/International\/wp-json\/wp\/v2\/categories?post=106894"},{"taxonomy":"post_tag","embeddable":true,"href":"https:\/\/linitiative.ca\/International\/wp-json\/wp\/v2\/tags?post=106894"}],"curies":[{"name":"wp","href":"https:\/\/api.w.org\/{rel}","templated":true}]}}