{"id":106930,"date":"2020-12-11T12:59:04","date_gmt":"2020-12-11T17:59:04","guid":{"rendered":"https:\/\/linitiative.ca\/International\/la-reconnaissance-us-le-debut-de-la-fin-de-la-horde-du-polisario\/"},"modified":"2020-12-11T12:59:04","modified_gmt":"2020-12-11T17:59:04","slug":"la-reconnaissance-us-le-debut-de-la-fin-de-la-horde-du-polisario","status":"publish","type":"post","link":"https:\/\/linitiative.ca\/International\/la-reconnaissance-us-le-debut-de-la-fin-de-la-horde-du-polisario\/","title":{"rendered":"La reconnaissance US, le \u00ab\u00a0d\u00e9but de la fin\u00a0\u00bb de la horde du \u00ab\u00a0polisario\u00a0\u00bb"},"content":{"rendered":"<div readability=\"37\">\n<p>Marrakech \u2013 La reconnaissance historique par les Etats-Unis d\u2019Am\u00e9rique de la pleine souverainet\u00e9 du Maroc sur son Sahara constitue le \u00ab\u00a0d\u00e9but de la fin\u00a0\u00bb de la horde du \u00ab\u00a0polisario\u00a0\u00bb, a affirm\u00e9 M. Mohamed Bentalha Doukkali, politologue et professeur des sciences politiques \u00e0 l\u2019Universit\u00e9 Cadi Ayyad (UCA) \u00e0 Marrakech.<\/p>\n<\/div>\n<div readability=\"71\">\n<p>Dans une d\u00e9claration \u00e0 la MAP, M. Doukkali a indiqu\u00e9 que la reconnaissance historique par Washington de la marocanit\u00e9 du Sahara repr\u00e9sente le \u00ab\u00a0d\u00e9but de la fin\u00a0\u00bb des milices du polisario, d\u2019une part, et du r\u00f4le n\u00e9gatif jou\u00e9 par l\u2019Alg\u00e9rie qui tente de porter atteinte \u00e0 la s\u00e9curit\u00e9 et \u00e0 la souverainet\u00e9 du Maroc, d\u2019autre part.<\/p>\n<p>Il a ajout\u00e9 que cette position sera concr\u00e9tis\u00e9e par l\u2019ouverture \u00e0 Dakhla d\u2019un consulat am\u00e9ricain, \u00e0 vocation essentiellement \u00e9conomique, afin d\u2019encourager les investissements US et de contribuer au d\u00e9veloppement \u00e9conomique et social, au profit notamment des habitants des provinces du Sud du Royaume.<\/p>\n<p>M. Doukkali a relev\u00e9 que cette d\u00e9cision am\u00e9ricaine, qui t\u00e9moigne de la \u00ab\u00a0cr\u00e9dibilit\u00e9 et du s\u00e9rieux\u00a0\u00bb de la proposition marocaine d\u2019autonomie en tant qu\u2019unique solution au diff\u00e9rend artificiel autour du Sahara marocain, inaugure une nouvelle \u00e9tape dans les relations entre les deux pays amis.<\/p>\n<p>Cette d\u00e9cision confirme \u00e9galement, a-t-il poursuivi, le soutien de Washington au Maroc en tant qu\u2019alli\u00e9 strat\u00e9gique, pays de stabilit\u00e9 et plate-forme incontournable vers l\u2019Afrique, d\u00e9montrant ainsi la profondeur des relations entre les deux pays et la poursuite du renforcement du partenariat strat\u00e9gique fort entre les deux Etats \u00e0 m\u00eame de le hisser \u00e0 une v\u00e9ritable alliance englobant tous les domaines.<\/p>\n<p>Et M. Doukkali de conclure que cette reconnaissance souveraine constitue une victoire pour la diplomatie marocaine sous la conduite \u00e9clair\u00e9e de Sa Majest\u00e9 le Roi Mohammed VI, et ouvre une nouvelle \u00e8re au sujet de ce dossier, qui n\u2019a que trop dur\u00e9, en raison du blocage op\u00e9r\u00e9 par les adversaires de l\u2019int\u00e9grit\u00e9 territoriale du Royaume face \u00e0 toute solution r\u00e9aliste.<\/p>\n<\/div>\n<p>Auteur: Meriem IGASS<br \/>\n<a href=\"http:\/\/www.mapmarrakech.ma\/fr\/la-reconnaissance-us-le-debut-de-la-fin-de-la-horde-du-polisario\/\">Cliquez ici pour lire l&rsquo;article depuis sa source.<\/a><\/p>\n","protected":false},"excerpt":{"rendered":"<p>Marrakech \u2013 La reconnaissance historique par les Etats-Unis d\u2019Am\u00e9rique de la pleine souverainet\u00e9 du Maroc sur son Sahara constitue le \u00ab\u00a0d\u00e9but de la fin\u00a0\u00bb de la horde du \u00ab\u00a0polisario\u00a0\u00bb, a affirm\u00e9 M. Mohamed Bentalha Doukkali, politologue et professeur des sciences politiques \u00e0 l\u2019Universit\u00e9 Cadi Ayyad (UCA) \u00e0 Marrakech. Dans une d\u00e9claration \u00e0 la MAP, M. [&hellip;]<\/p>\n","protected":false},"author":1788,"featured_media":0,"comment_status":"closed","ping_status":"closed","sticky":false,"template":"","format":"standard","meta":{"fifu_image_url":"","fifu_image_alt":"","footnotes":""},"categories":[54,76],"tags":[],"class_list":["post-106930","post","type-post","status-publish","format-standard","hentry","category-maroc","category-regions"],"_links":{"self":[{"href":"https:\/\/linitiative.ca\/International\/wp-json\/wp\/v2\/posts\/106930","targetHints":{"allow":["GET"]}}],"collection":[{"href":"https:\/\/linitiative.ca\/International\/wp-json\/wp\/v2\/posts"}],"about":[{"href":"https:\/\/linitiative.ca\/International\/wp-json\/wp\/v2\/types\/post"}],"author":[{"embeddable":true,"href":"https:\/\/linitiative.ca\/International\/wp-json\/wp\/v2\/users\/1788"}],"replies":[{"embeddable":true,"href":"https:\/\/linitiative.ca\/International\/wp-json\/wp\/v2\/comments?post=106930"}],"version-history":[{"count":0,"href":"https:\/\/linitiative.ca\/International\/wp-json\/wp\/v2\/posts\/106930\/revisions"}],"wp:attachment":[{"href":"https:\/\/linitiative.ca\/International\/wp-json\/wp\/v2\/media?parent=106930"}],"wp:term":[{"taxonomy":"category","embeddable":true,"href":"https:\/\/linitiative.ca\/International\/wp-json\/wp\/v2\/categories?post=106930"},{"taxonomy":"post_tag","embeddable":true,"href":"https:\/\/linitiative.ca\/International\/wp-json\/wp\/v2\/tags?post=106930"}],"curies":[{"name":"wp","href":"https:\/\/api.w.org\/{rel}","templated":true}]}}