{"id":106931,"date":"2020-12-11T13:50:58","date_gmt":"2020-12-11T18:50:58","guid":{"rendered":"https:\/\/linitiative.ca\/International\/la-reconnaissance-us-de-la-marocanite-du-sahara-une-evolution-decisive\/"},"modified":"2020-12-11T13:50:58","modified_gmt":"2020-12-11T18:50:58","slug":"la-reconnaissance-us-de-la-marocanite-du-sahara-une-evolution-decisive","status":"publish","type":"post","link":"https:\/\/linitiative.ca\/International\/la-reconnaissance-us-de-la-marocanite-du-sahara-une-evolution-decisive\/","title":{"rendered":"La reconnaissance US de la marocanit\u00e9 du Sahara, une \u00ab\u00a0\u00e9volution d\u00e9cisive\u00a0\u00bb"},"content":{"rendered":"<div readability=\"38\">\n<p>Marrakech \u2013 Avec la d\u00e9cision de l\u2019administration am\u00e9ricaine de reconnaitre la pleine et enti\u00e8re souverainet\u00e9 du Royaume sur ses provinces du Sud, la question du Sahara marocain connait \u00ab\u00a0une \u00e9volution d\u00e9cisive\u00a0\u00bb, a soulign\u00e9 M. Mohsine El Ahmadi, professeur des Sciences Politiques \u00e0 l\u2019Universit\u00e9 Cadi Ayyad (UCA) de Marrakech.<\/p>\n<\/div>\n<div readability=\"81\">\n<p>\u00ab\u00a0Il s\u2019agit d\u2019une \u00e9volution d\u00e9cisive tant au niveau des relations internationales qu\u2019au niveau des alliances strat\u00e9giques entre le Maroc et les Etats Unis d\u2019Am\u00e9rique\u00a0\u00bb, a ajout\u00e9 M. El Ahmadi dans une d\u00e9claration \u00e0 la MAP.<\/p>\n<p>Gr\u00e2ce \u00e0 cette d\u00e9cision \u00ab\u00a0souveraine\u00a0\u00bb et \u00ab\u00a0courageuse\u00a0\u00bb, le Maroc a \u00ab\u00a0gagn\u00e9 un avocat de taille pour d\u00e9fendre ses int\u00e9r\u00eats au niveau international\u00a0\u00bb, a estim\u00e9 l\u2019universitaire, rappelant que les Etats-Unis n\u2019ont pas seulement reconnu la souverainet\u00e9 pleine et enti\u00e8re du Maroc sur son Sahara, mais ont \u00e9galement d\u00e9cid\u00e9 de l\u2019ouverture d\u2019un consulat \u00e0 Dakhla, \u00e0 vocation essentiellement \u00e9conomique, en vue d\u2019encourager les investissements am\u00e9ricains et de contribuer au d\u00e9veloppement \u00e9conomique et social, au profit notamment des habitants des provinces du Sud.<\/p>\n<p>\u00ab\u00a0Ce tournant diplomatique brouille les cartes des ennemis de l\u2019int\u00e9grit\u00e9 territoriale du Royaume\u00a0\u00bb, a dit M. El Ahmadi, notant que \u00ab\u00a0face \u00e0 la sagesse de la position marocaine et \u00e0 la mani\u00e8re sereine et paisible dont le Maroc ne cesse de faire montre dans la gestion de ce conflit artificiel, l\u2019Alg\u00e9rie se sent de plus en plus isol\u00e9e sur la sc\u00e8ne africaine, arabe et internationale\u00a0\u00bb.<\/p>\n<p>Dans la foul\u00e9e, il a tenu \u00e0 indiquer que face au succ\u00e8s reluisant de la diplomatie marocaine sous la conduite \u00e9clair\u00e9e de Sa Majest\u00e9 le Roi Mohammed VI, \u00ab\u00a0les mois qui vont venir seront amers pour la diplomatie alg\u00e9rienne qui a fait de l\u2019animosit\u00e9 contre le Maroc son cr\u00e9do officiel\u00a0\u00bb.<\/p>\n<p>SM le Roi Mohammed VI a eu, jeudi, un entretien t\u00e9l\u00e9phonique avec le Pr\u00e9sident am\u00e9ricain Donald Trump au cours duquel ce dernier a inform\u00e9 le Souverain de la d\u00e9cision des USA de reconna\u00eetre, pour la premi\u00e8re fois de leur histoire, la pleine souverainet\u00e9 du Royaume du Maroc sur l\u2019ensemble de la r\u00e9gion du Sahara Marocain.<\/p>\n<p>A titre de premi\u00e8re concr\u00e9tisation de cette initiative souveraine de haute importance, les USA ont d\u00e9cid\u00e9 l\u2019ouverture d\u2019un consulat \u00e0 Dakhla, \u00e0 vocation essentiellement \u00e9conomique, en vue d\u2019encourager les investissements am\u00e9ricains et de contribuer au d\u00e9veloppement \u00e9conomique et social, au profit notamment des habitants des provinces du Sud.<\/p>\n<\/div>\n<p>Auteur: Meriem IGASS<br \/>\n<a href=\"http:\/\/www.mapmarrakech.ma\/fr\/la-reconnaissance-us-de-la-marocanite-du-sahara-une-evolution-decisive\/\">Cliquez ici pour lire l&rsquo;article depuis sa source.<\/a><\/p>\n","protected":false},"excerpt":{"rendered":"<p>Marrakech \u2013 Avec la d\u00e9cision de l\u2019administration am\u00e9ricaine de reconnaitre la pleine et enti\u00e8re souverainet\u00e9 du Royaume sur ses provinces du Sud, la question du Sahara marocain connait \u00ab\u00a0une \u00e9volution d\u00e9cisive\u00a0\u00bb, a soulign\u00e9 M. Mohsine El Ahmadi, professeur des Sciences Politiques \u00e0 l\u2019Universit\u00e9 Cadi Ayyad (UCA) de Marrakech. \u00ab\u00a0Il s\u2019agit d\u2019une \u00e9volution d\u00e9cisive tant au [&hellip;]<\/p>\n","protected":false},"author":1788,"featured_media":0,"comment_status":"closed","ping_status":"closed","sticky":false,"template":"","format":"standard","meta":{"fifu_image_url":"","fifu_image_alt":"","footnotes":""},"categories":[54,76],"tags":[],"class_list":["post-106931","post","type-post","status-publish","format-standard","hentry","category-maroc","category-regions"],"_links":{"self":[{"href":"https:\/\/linitiative.ca\/International\/wp-json\/wp\/v2\/posts\/106931","targetHints":{"allow":["GET"]}}],"collection":[{"href":"https:\/\/linitiative.ca\/International\/wp-json\/wp\/v2\/posts"}],"about":[{"href":"https:\/\/linitiative.ca\/International\/wp-json\/wp\/v2\/types\/post"}],"author":[{"embeddable":true,"href":"https:\/\/linitiative.ca\/International\/wp-json\/wp\/v2\/users\/1788"}],"replies":[{"embeddable":true,"href":"https:\/\/linitiative.ca\/International\/wp-json\/wp\/v2\/comments?post=106931"}],"version-history":[{"count":0,"href":"https:\/\/linitiative.ca\/International\/wp-json\/wp\/v2\/posts\/106931\/revisions"}],"wp:attachment":[{"href":"https:\/\/linitiative.ca\/International\/wp-json\/wp\/v2\/media?parent=106931"}],"wp:term":[{"taxonomy":"category","embeddable":true,"href":"https:\/\/linitiative.ca\/International\/wp-json\/wp\/v2\/categories?post=106931"},{"taxonomy":"post_tag","embeddable":true,"href":"https:\/\/linitiative.ca\/International\/wp-json\/wp\/v2\/tags?post=106931"}],"curies":[{"name":"wp","href":"https:\/\/api.w.org\/{rel}","templated":true}]}}