{"id":106937,"date":"2020-12-11T11:00:00","date_gmt":"2020-12-11T16:00:00","guid":{"rendered":"https:\/\/linitiative.ca\/International\/une-presentatrice-de-television-tuee-par-balles-en-afghanistan\/"},"modified":"2020-12-11T11:00:00","modified_gmt":"2020-12-11T16:00:00","slug":"une-presentatrice-de-television-tuee-par-balles-en-afghanistan","status":"publish","type":"post","link":"https:\/\/linitiative.ca\/International\/une-presentatrice-de-television-tuee-par-balles-en-afghanistan\/","title":{"rendered":"Une pr\u00e9sentatrice de t\u00e9l\u00e9vision tu\u00e9e  par balles en Afghanistan"},"content":{"rendered":"<p class=\"p1 c4\"><span class=\"c3\"><span class=\"c2\"><strong>Le Temps-Agences- \u00ab\u00a0A 07h10 hier matin (02h40 GMT jeudi), des hommes arm\u00e9s non identifi\u00e9s ont abattu la journaliste et activiste Malalai Maiwand ainsi que son chauffeur\u00a0\u00bb \u00e0 Jalalabad, a d\u00e9clar\u00e9 \u00e0 l&rsquo;AFP Attaullah Khogyani, porte-parole du gouverneur de la province du Nangarhar, dont Jalalabad est la capitale.<\/strong><\/span><\/span><\/p>\n<p class=\"p1 c5\"><span class=\"c3\"><span class=\"c2\">Mme Maiwand se rendait aux bureaux de la cha\u00eene de t\u00e9l\u00e9vision priv\u00e9e Enekaas TV, pour laquelle elle travaillait, quand l&rsquo;attaque a eu lieu, a-t-il pr\u00e9cis\u00e9. Ces informations ont \u00e9t\u00e9 confirm\u00e9es par Engineer Zalmai, le directeur d&rsquo;Enekaas.<\/span><\/span><\/p>\n<p class=\"p1 c5\"><span class=\"c3\"><span class=\"c2\">Sa m\u00e8re, elle-m\u00eame une activiste, avait \u00e9t\u00e9 tu\u00e9e par des hommes arm\u00e9s inconnus il y a cinq ans. Mme Maiwand s&rsquo;\u00e9tait par le pass\u00e9 exprim\u00e9e sur les difficult\u00e9s d&rsquo;\u00eatre une femme journaliste dans une soci\u00e9t\u00e9 afghane tr\u00e8s patriarcale et conservatrice.<\/span><\/span><\/p>\n<p class=\"p1 c5\"><span class=\"c3\"><span class=\"c2\">Les attaques cibl\u00e9es visant des personnalit\u00e9s &#8211; journalistes, hommes politiques ou religieux, d\u00e9fenseurs des droits de l&rsquo;homme &#8211; ont augment\u00e9 ces derniers mois, malgr\u00e9 les pourparlers de paix en cours \u00e0 Doha entre le gouvernement afghan et les talibans.<\/span><\/span><\/p>\n<p class=\"p1 c5\"><span class=\"c3\"><span class=\"c2\">Il s&rsquo;agit du troisi\u00e8me meurtre d&rsquo;un journaliste afghan depuis le d\u00e9but novembre.<\/span><\/span><\/p>\n<p class=\"p1 c5\"><span class=\"c3\"><span class=\"c2\">Aliyas Dayee, 33 ans, qui travaillait pour Radio Liberty, un m\u00e9dia financ\u00e9 par les \u00c9tats-Unis, est mort le 12 novembre dans l&rsquo;explosion d&rsquo;une bombe plac\u00e9e sous sa voiture \u00e0 Lashkar Gah (sud).<\/span><\/span><\/p>\n<p class=\"p1 c5\"><span class=\"c3\"><span class=\"c2\">Il avait \u00e9t\u00e9 menac\u00e9 par les talibans, qui lui reprochaient sa couverture de leurs op\u00e9rations, a rapport\u00e9 Human Rights Watch (HRW).<\/span><\/span><\/p>\n<p class=\"p1 c5\"><span class=\"c3\"><span class=\"c2\">Le 7 novembre, Yama Siawash, un ancien pr\u00e9sentateur de t\u00e9l\u00e9vision, avait \u00e9galement \u00e9t\u00e9 tu\u00e9 \u00e0 Kaboul dans les m\u00eames circonstances.<\/span><\/span><\/p>\n<p class=\"p1 c5\"><span class=\"c3\"><span class=\"c2\">Les attaques cibl\u00e9es dans le pays sont rarement revendiqu\u00e9es, et le meurtre de Mme Maiwand ne l&rsquo;a pour l&rsquo;instant pas \u00e9t\u00e9.<\/span><\/span><\/p>\n<p class=\"p1 c5\"><span class=\"c3\"><span class=\"c2\">Il a suscit\u00e9 une vague de condamnations. \u00ab\u00a0Qui a un probl\u00e8me avec les femmes dans la soci\u00e9t\u00e9 afghane\u00a0\u00bb, s&rsquo;est demand\u00e9e sur Twitter Fatima Murchal, la porte-parole adjointe du pr\u00e9sident Ashraf Ghani. \u00ab\u00a0Ces l\u00e2ches coupables ne seront pas pardonn\u00e9s, m\u00eame apr\u00e8s la paix\u00a0\u00bb, a-t-elle ajout\u00e9.<\/span><\/span><\/p>\n<p class=\"p1 c5\"><span class=\"c3\"><span class=\"c2\">La vie quotidienne des femmes afghanes s&rsquo;est am\u00e9lior\u00e9e par rapport \u00e0 ce qu&rsquo;elles ont connu sous le r\u00e9gime des talibans, au pouvoir de 1996 \u00e0 2001, mais selon l&rsquo;ONU elles restent les victimes d&rsquo;une violence g\u00e9n\u00e9ralis\u00e9e.<\/span><\/span><\/p>\n<p class=\"p1 c5\"><span class=\"c3\"><span class=\"c2\">Le Comit\u00e9 pour la protection des journalistes afghans (AJSC) a estim\u00e9 que le niveau actuel de violence \u00e0 l&rsquo;\u00e9gard des journalistes mena\u00e7ait d&rsquo;annuler les progr\u00e8s enregistr\u00e9s ces derni\u00e8res ann\u00e9es pour les m\u00e9dias.<\/span><\/span><\/p>\n<p class=\"p1 c4\">\u00a0<\/p>\n<p class=\"p1 c5\"><span class=\"c3\"><span class=\"c2\">\u00ab\u00a0Si les meurtres de journalistes ne s&rsquo;arr\u00eatent pas, l&rsquo;Afghanistan perdra l&rsquo;une de ses plus grandes r\u00e9ussites qui est la libert\u00e9 de la presse\u00a0\u00bb, a-t-il d\u00e9clar\u00e9 sur Twitter, tout en appelant \u00e0 une enqu\u00eate sur la mort de Mme Maiwand.<\/span><\/span><\/p>\n<p>Auteur: letemps1<br \/>\n<a href=\"http:\/\/www.letemps.com.tn\/article\/118440\/une-pr%C3%A9sentatrice-de-t%C3%A9l%C3%A9vision-tu%C3%A9e-par-balles-en-afghanistan\">Cliquez ici pour lire l&rsquo;article depuis sa source.<\/a><\/p>\n","protected":false},"excerpt":{"rendered":"<p>Le Temps-Agences- \u00ab\u00a0A 07h10 hier matin (02h40 GMT jeudi), des hommes arm\u00e9s non identifi\u00e9s ont abattu la journaliste et activiste Malalai Maiwand ainsi que son chauffeur\u00a0\u00bb \u00e0 Jalalabad, a d\u00e9clar\u00e9 \u00e0 l&rsquo;AFP Attaullah Khogyani, porte-parole du gouverneur de la province du Nangarhar, dont Jalalabad est la capitale. Mme Maiwand se rendait aux bureaux de la [&hellip;]<\/p>\n","protected":false},"author":1773,"featured_media":0,"comment_status":"closed","ping_status":"closed","sticky":false,"template":"","format":"standard","meta":{"fifu_image_url":"","fifu_image_alt":"","footnotes":""},"categories":[73,55],"tags":[],"class_list":["post-106937","post","type-post","status-publish","format-standard","hentry","category-actualite","category-tunisie"],"_links":{"self":[{"href":"https:\/\/linitiative.ca\/International\/wp-json\/wp\/v2\/posts\/106937","targetHints":{"allow":["GET"]}}],"collection":[{"href":"https:\/\/linitiative.ca\/International\/wp-json\/wp\/v2\/posts"}],"about":[{"href":"https:\/\/linitiative.ca\/International\/wp-json\/wp\/v2\/types\/post"}],"author":[{"embeddable":true,"href":"https:\/\/linitiative.ca\/International\/wp-json\/wp\/v2\/users\/1773"}],"replies":[{"embeddable":true,"href":"https:\/\/linitiative.ca\/International\/wp-json\/wp\/v2\/comments?post=106937"}],"version-history":[{"count":0,"href":"https:\/\/linitiative.ca\/International\/wp-json\/wp\/v2\/posts\/106937\/revisions"}],"wp:attachment":[{"href":"https:\/\/linitiative.ca\/International\/wp-json\/wp\/v2\/media?parent=106937"}],"wp:term":[{"taxonomy":"category","embeddable":true,"href":"https:\/\/linitiative.ca\/International\/wp-json\/wp\/v2\/categories?post=106937"},{"taxonomy":"post_tag","embeddable":true,"href":"https:\/\/linitiative.ca\/International\/wp-json\/wp\/v2\/tags?post=106937"}],"curies":[{"name":"wp","href":"https:\/\/api.w.org\/{rel}","templated":true}]}}