{"id":106938,"date":"2020-12-11T11:00:00","date_gmt":"2020-12-11T16:00:00","guid":{"rendered":"https:\/\/linitiative.ca\/International\/largile-blanche-pour-remplir-le-ventre\/"},"modified":"2020-12-11T11:00:00","modified_gmt":"2020-12-11T16:00:00","slug":"largile-blanche-pour-remplir-le-ventre","status":"publish","type":"post","link":"https:\/\/linitiative.ca\/International\/largile-blanche-pour-remplir-le-ventre\/","title":{"rendered":"L&rsquo;argile blanche pour remplir le ventre"},"content":{"rendered":"<p class=\"p1 c4\"><span class=\"c3\"><span class=\"c2\"><strong>Le Temps-Agences- Les habitants craignent la r\u00e9\u00e9dition de la terrible s\u00e9cheresse qui avait fait des centaines de morts dans les ann\u00e9es 1990.<span class=\"Apple-converted-space\">\u00a0<\/span><\/strong><\/span><\/span><\/p>\n<p class=\"p1 c4\"><span class=\"c3\"><span class=\"c2\"><strong>Dans le sud de Madagascar, ravag\u00e9 cette ann\u00e9e par la s\u00e9cheresse, l&rsquo;argile blanche aide depuis des mois \u00e0 affronter la famine.<span class=\"Apple-converted-space\">\u00a0<\/span><\/strong><\/span><\/span><\/p>\n<p class=\"p2 c5\">\u00a0<\/p>\n<p class=\"p3 c6\"><span class=\"c3\"><span class=\"c2\">\u00ab\u00a0On l&rsquo;appelle la terre de survie, car elle permet de faire passer dans la bouche le go\u00fbt acide du tamarin qui nous sert \u00e0 tromper la faim\u00a0\u00bb, explique l&rsquo;agriculteur Doday Fandilava Noelisona, 35 ans, p\u00e8re de six enfants, dans le village de Fenoaivo. Il n&rsquo;y a pas plu depuis plus d&rsquo;un an. L&rsquo;aliment principal dans la r\u00e9gion aride est le fruit de cactus. Les villages sont entour\u00e9s d&rsquo;alignements qui servent \u00e0 la fois de cl\u00f4ture et de garde-manger, en cas de n\u00e9cessit\u00e9. Mais m\u00eame le cactus souffre maintenant du manque d&rsquo;eau et ne donne plus de fruit. Sa peau fl\u00e9trie, fait rarissime, t\u00e9moigne de la difficult\u00e9 extr\u00eame. Dans ce village, la plus grande crainte est la r\u00e9\u00e9dition de la terrible s\u00e9cheresse qui avait fait des centaines de morts dans les ann\u00e9es 1990.<span class=\"Apple-converted-space\">\u00a0<\/span><\/span><\/span><\/p>\n<p class=\"p3 c6\"><span class=\"c3\"><span class=\"c2\">\u00ab\u00a0Pour que ce malheur ne s&rsquo;abatte pas sur moi et ma famille, je fais du charbon et je coupe du bois, je le vends pour acheter \u00e0 manger\u00a0\u00bb, explique Avianay Idamy. \u00ab\u00a0Mon choix n&rsquo;est pas le plus judicieux\u00a0\u00bb pour l&rsquo;environnement, \u00ab\u00a0mais cela me permet de vivre. Normalement je cultive les terrains alluviaux sur les berges des fleuves, mais il n&rsquo;y a pas de pluie et rien ne pousse\u00a0\u00bb, se justifie-t-il. Il vend ses charbons 30 centimes le sac, ce qui permet \u00e0 sa famille de manger du manioc une fois par jour. Alors, comme ses voisins, ils mangent argile et tamarin. Et pour trouver la force de travailler, il se concocte une infusion \u00e9nergisante d&rsquo;\u00e9corce d&rsquo;arbre.<\/span><\/span><\/p>\n<p class=\"p2 c5\">\u00a0<\/p>\n<p class=\"p4 c7\"><span class=\"c3\"><span class=\"c2\"><strong>Enfants, premi\u00e8res victimes<\/strong><\/span><\/span><\/p>\n<p class=\"p3 c6\"><span class=\"c3\"><span class=\"c2\">En septembre, neuf personnes ont \u00e9t\u00e9 d\u00e9clar\u00e9es mortes de la famine, \u00e0 Ankilomarovahetsy, \u00e0 une dizaine de kilom\u00e8tres. \u00ab\u00a0Huit enfants et une m\u00e8re\u00a0\u00bb, pr\u00e9cise Rafanampy, sans nom de famille, \u00e0 65 ans le doyen de ce hameau. Samba Vaha, 26 ans, a perdu son gar\u00e7on d&rsquo;un an, Manovondahy. \u00ab\u00a0Mon fils est mort apr\u00e8s deux jours de maladie, je n&rsquo;ai pas pu l&#8217;emmener voir un m\u00e9decin\u00a0\u00bb.<\/span><\/span><\/p>\n<p class=\"p3 c6\"><span class=\"c3\"><span class=\"c2\">Les enfants sont les premi\u00e8res victimes, supportant mal l&rsquo;argile m\u00e9lang\u00e9e au tamarin, \u00ab\u00a0qui cause des gonflements de ventre\u00a0\u00bb, explique Th\u00e9odore Mbainaissem, chef local du Programme alimentaire mondial (PAM). La moiti\u00e9 de la population du sud du pays, soit 1,5 million de personnes, a actuellement besoin d&rsquo;une aide alimentaire d&rsquo;urgence, selon le PAM. Ce qui n\u00e9cessiterait 31 millions d&rsquo;euros \u00e0 d\u00e9bloquer d&rsquo;urgence.<\/span><\/span><\/p>\n<p class=\"p2 c5\">\u00a0<\/p>\n<p class=\"p4 c7\"><span class=\"c3\"><span class=\"c2\"><strong>Changement climatique<\/strong><\/span><\/span><\/p>\n<p class=\"p3 c6\"><span class=\"c3\"><span class=\"c2\">A quelques kilom\u00e8tres, \u00e0 Beraketa, l&rsquo;ONG Action contre la faim (ACF) s&rsquo;est install\u00e9e, en coordination avec le PAM. \u00ab\u00a0Ici la malnutrition infantile est cyclique. Cette ann\u00e9e la soudure a commenc\u00e9 plus t\u00f4t\u00a0\u00bb, d\u00e8s octobre au lieu de janvier, note Annick Rakotoanosy, responsable nutrition d&rsquo;ACF, en r\u00e9f\u00e9rence \u00e0 la p\u00e9riode entre la fin des r\u00e9serves de la r\u00e9colte pr\u00e9c\u00e9dente et les nouvelles r\u00e9coltes.<\/span><\/span><\/p>\n<p class=\"p3 c6\"><span class=\"c3\"><span class=\"c2\">Une cinquantaine d&rsquo;enfants s\u00e9v\u00e8rement malnutris, ventres gonfl\u00e9s et jambes maigres, et une centaine d&rsquo;autres malades y sont pris en charge une fois par semaine. Ils risquent la mort, \u00ab\u00a0surtout si la malnutrition est accompagn\u00e9e de complications, diarrh\u00e9es, infections respiratoires ou paludisme\u00a0\u00bb.<\/span><\/span><\/p>\n<p class=\"p2 c5\">\u00a0<\/p>\n<p class=\"p4 c7\"><span class=\"c3\"><span class=\"c2\"><strong>Ins\u00e9curit\u00e9<\/strong><\/span><\/span><\/p>\n<p class=\"p3 c6\"><span class=\"c3\"><span class=\"c2\">La s\u00e8cheresse est aggrav\u00e9e par le changement climatique. \u00ab\u00a0Trois ans dans certaines localit\u00e9s, deux dans d&rsquo;autres, qu&rsquo;il n&rsquo;y a pas de pluie\u00a0\u00bb, souligne le responsable du PAM. L&rsquo;ins\u00e9curit\u00e9, les vols de b\u00e9tail aggravent la mis\u00e8re et compliquent les interventions humanitaires. Le gouvernement a d\u00e9j\u00e0 d\u00e9ploy\u00e9 l&rsquo;arm\u00e9e pour distribuer vivres et premiers soins. Sans assistance alimentaire d&rsquo;urgence, \u00ab\u00a0on fr\u00f4le la catastrophe, car maintenant, m\u00eame les tamarins commencent \u00e0 se rar\u00e9fier\u00a0\u00bb, avertit Th\u00e9odore Mbainaissem.<span class=\"Apple-converted-space\">\u00a0<\/span><\/span><\/span><\/p>\n<p>Auteur: letemps1<br \/>\n<a href=\"http:\/\/www.letemps.com.tn\/article\/118441\/largile-blanche-pour-remplir-le-ventre\">Cliquez ici pour lire l&rsquo;article depuis sa source.<\/a><\/p>\n","protected":false},"excerpt":{"rendered":"<p>Le Temps-Agences- Les habitants craignent la r\u00e9\u00e9dition de la terrible s\u00e9cheresse qui avait fait des centaines de morts dans les ann\u00e9es 1990.\u00a0 Dans le sud de Madagascar, ravag\u00e9 cette ann\u00e9e par la s\u00e9cheresse, l&rsquo;argile blanche aide depuis des mois \u00e0 affronter la famine.\u00a0 \u00a0 \u00ab\u00a0On l&rsquo;appelle la terre de survie, car elle permet de faire [&hellip;]<\/p>\n","protected":false},"author":1773,"featured_media":0,"comment_status":"closed","ping_status":"closed","sticky":false,"template":"","format":"standard","meta":{"fifu_image_url":"","fifu_image_alt":"","footnotes":""},"categories":[73,55],"tags":[],"class_list":["post-106938","post","type-post","status-publish","format-standard","hentry","category-actualite","category-tunisie"],"_links":{"self":[{"href":"https:\/\/linitiative.ca\/International\/wp-json\/wp\/v2\/posts\/106938","targetHints":{"allow":["GET"]}}],"collection":[{"href":"https:\/\/linitiative.ca\/International\/wp-json\/wp\/v2\/posts"}],"about":[{"href":"https:\/\/linitiative.ca\/International\/wp-json\/wp\/v2\/types\/post"}],"author":[{"embeddable":true,"href":"https:\/\/linitiative.ca\/International\/wp-json\/wp\/v2\/users\/1773"}],"replies":[{"embeddable":true,"href":"https:\/\/linitiative.ca\/International\/wp-json\/wp\/v2\/comments?post=106938"}],"version-history":[{"count":0,"href":"https:\/\/linitiative.ca\/International\/wp-json\/wp\/v2\/posts\/106938\/revisions"}],"wp:attachment":[{"href":"https:\/\/linitiative.ca\/International\/wp-json\/wp\/v2\/media?parent=106938"}],"wp:term":[{"taxonomy":"category","embeddable":true,"href":"https:\/\/linitiative.ca\/International\/wp-json\/wp\/v2\/categories?post=106938"},{"taxonomy":"post_tag","embeddable":true,"href":"https:\/\/linitiative.ca\/International\/wp-json\/wp\/v2\/tags?post=106938"}],"curies":[{"name":"wp","href":"https:\/\/api.w.org\/{rel}","templated":true}]}}