{"id":106956,"date":"2020-12-11T14:26:48","date_gmt":"2020-12-11T19:26:48","guid":{"rendered":"https:\/\/linitiative.ca\/International\/afd-pres-de-400-millions-deuros-de-nouveaux-octrois-de-financement-au-maroc-a-fin-2020\/"},"modified":"2020-12-11T14:26:48","modified_gmt":"2020-12-11T19:26:48","slug":"afd-pres-de-400-millions-deuros-de-nouveaux-octrois-de-financement-au-maroc-a-fin-2020","status":"publish","type":"post","link":"https:\/\/linitiative.ca\/International\/afd-pres-de-400-millions-deuros-de-nouveaux-octrois-de-financement-au-maroc-a-fin-2020\/","title":{"rendered":"AFD: pr\u00e8s de 400 millions d\u2019euros de nouveaux octrois de financement au Maroc \u00e0 fin 2020"},"content":{"rendered":"<p><strong>L\u2019Agence Fran\u00e7aise de D\u00e9veloppement (AFD) vise \u00e0 atteindre \u00e0 fin 2020 un volume de nouveaux octrois de financement proche des 400\u00a0millions d\u2019euros. Pour 2021, l\u2019institution entend augmenter la cadence. Les d\u00e9tails.<\/strong><\/p>\n<div class=\"c10\"\/>\n<p>L\u2019Agence Fran\u00e7aise de D\u00e9veloppement (AFD) acc\u00e9l\u00e8re la cadence de ses financements au Maroc. Selon Mihoub Mezouaghi, Directeur de l\u2019AFD au Maroc, les d\u00e9caissements de l\u2019Agence au profit de ses partenaires au Maroc atteindront, \u00e0 la fin de 2020, entre 300 et 350 millions d\u2019euros, soit une hausse de plus de 30% par rapport \u00e0 l\u2019ann\u00e9e pr\u00e9c\u00e9dente. Notons que sur les deux derni\u00e8res ann\u00e9es, 2019 et 2020, l\u2019AFD aura sign\u00e9 des conventions de financement pour un montant de pr\u00e8s de 900 millions d\u2019euros au total. \u00ab\u00a0Nous maintiendrons cette ann\u00e9e un volume de nouveaux octrois de financement pour un montant proche de 400 millions d\u2019euros en 2020, parfaitement en ligne avec notre engagement d\u2019investir 2 milliards d\u2019euros entre 2017 et 2021\u00a0\u00bb, a pr\u00e9sid\u00e9 le directeur de l\u2019AFD au Maroc.<\/p>\n<p><strong>Lire aussi| <a href=\"https:\/\/www.challenge.ma\/tomate-marocaine-de-nouveau-la-cible-des-producteurs-et-exportateurs-iberiques-168082\/\">Tomate marocaine : de nouveau, la cible des producteurs et exportateurs ib\u00e9riques<\/a><\/strong><\/p>\n<p>Force est de pr\u00e9ciser que ce niveau d\u2019investissement sera plus \u00e9lev\u00e9 au terme de cette p\u00e9riode, et reste le plus \u00e9lev\u00e9 dans le portefeuille global de l\u2019AFD qui couvre aujourd\u2019hui plus de 120 pays. On apprend aussi que les investissements de Proparco, dont l\u2019exposition atteint aujourd\u2019hui 100 millions d\u2019euros \u00a0principalement en lignes de cr\u00e9dit au secteur bancaire priv\u00e9, et en prises de participation dans des entreprises, vont s\u2019accro\u00eetre en 2021 sur la base d\u2019un potentiel d\u2019investissement de pr\u00e8s de 250 millions d\u2019euros. \u00ab\u00a0Pour sa part, l\u2019agence de coop\u00e9ration technique Expertise France, qui devrait formellement rejoindre le Groupe AFD en 2021, a multipli\u00e9, au Maroc, par 5 son volume d\u2019activit\u00e9 en 2020 par rapport \u00e0 2019\u00a0\u00bb, a assur\u00e9 Mihoub Mezouaghi.<\/p>\n<p><strong>Lire aussi| <a href=\"https:\/\/www.challenge.ma\/produits-industriels-les-mesures-de-souplesse-pour-le-controle-a-limportation-prennent-fin-le-31-decembre-2020-168455\/\">Produits industriels : les mesures de souplesse pour le contr\u00f4le \u00e0 l\u2019importation prennent fin le 31 d\u00e9cembre 2020<\/a><\/strong><\/p>\n<p>\u00ab\u00a0L\u2019activit\u00e9 de l\u2019Agence au Maroc a \u00e9t\u00e9 marqu\u00e9e cette ann\u00e9e par une diversification du dialogue partenarial tant sur de nouvelles th\u00e9matiques innovantes, comme par exemple le lancement d\u2019un programme de start-up d\u2019Etat, l\u2019appui aux industries culturelles et cr\u00e9atives ou encore la promotion de la contribution socio-\u00e9conomique du sport, que sur l\u2019animation d\u2019une r\u00e9flexion strat\u00e9gique sur les politiques publiques avec le minist\u00e8re des Finances et des think tanks marocains\u00a0\u00bb, a-t-il conclu.<\/p>\n<p>Auteur: challenge<br \/>\n<a href=\"https:\/\/www.challenge.ma\/afd-pres-de-400-millions-deuros-de-nouveaux-octrois-de-financement-au-maroc-a-fin-2020-168500\/\">Cliquez ici pour lire l&rsquo;article depuis sa source.<\/a><\/p>\n","protected":false},"excerpt":{"rendered":"<p>L\u2019Agence Fran\u00e7aise de D\u00e9veloppement (AFD) vise \u00e0 atteindre \u00e0 fin 2020 un volume de nouveaux octrois de financement proche des 400\u00a0millions d\u2019euros. Pour 2021, l\u2019institution entend augmenter la cadence. Les d\u00e9tails. L\u2019Agence Fran\u00e7aise de D\u00e9veloppement (AFD) acc\u00e9l\u00e8re la cadence de ses financements au Maroc. Selon Mihoub Mezouaghi, Directeur de l\u2019AFD au Maroc, les d\u00e9caissements de [&hellip;]<\/p>\n","protected":false},"author":1787,"featured_media":0,"comment_status":"closed","ping_status":"closed","sticky":false,"template":"","format":"standard","meta":{"fifu_image_url":"","fifu_image_alt":"","footnotes":""},"categories":[78,54],"tags":[],"class_list":["post-106956","post","type-post","status-publish","format-standard","hentry","category-economie","category-maroc"],"_links":{"self":[{"href":"https:\/\/linitiative.ca\/International\/wp-json\/wp\/v2\/posts\/106956","targetHints":{"allow":["GET"]}}],"collection":[{"href":"https:\/\/linitiative.ca\/International\/wp-json\/wp\/v2\/posts"}],"about":[{"href":"https:\/\/linitiative.ca\/International\/wp-json\/wp\/v2\/types\/post"}],"author":[{"embeddable":true,"href":"https:\/\/linitiative.ca\/International\/wp-json\/wp\/v2\/users\/1787"}],"replies":[{"embeddable":true,"href":"https:\/\/linitiative.ca\/International\/wp-json\/wp\/v2\/comments?post=106956"}],"version-history":[{"count":0,"href":"https:\/\/linitiative.ca\/International\/wp-json\/wp\/v2\/posts\/106956\/revisions"}],"wp:attachment":[{"href":"https:\/\/linitiative.ca\/International\/wp-json\/wp\/v2\/media?parent=106956"}],"wp:term":[{"taxonomy":"category","embeddable":true,"href":"https:\/\/linitiative.ca\/International\/wp-json\/wp\/v2\/categories?post=106956"},{"taxonomy":"post_tag","embeddable":true,"href":"https:\/\/linitiative.ca\/International\/wp-json\/wp\/v2\/tags?post=106956"}],"curies":[{"name":"wp","href":"https:\/\/api.w.org\/{rel}","templated":true}]}}