{"id":106959,"date":"2020-12-11T16:06:52","date_gmt":"2020-12-11T21:06:52","guid":{"rendered":"https:\/\/linitiative.ca\/International\/tunisie-agression-a-lencontre-de-la-ligue-des-droits-de-lhomme\/"},"modified":"2020-12-11T16:06:52","modified_gmt":"2020-12-11T21:06:52","slug":"tunisie-agression-a-lencontre-de-la-ligue-des-droits-de-lhomme","status":"publish","type":"post","link":"https:\/\/linitiative.ca\/International\/tunisie-agression-a-lencontre-de-la-ligue-des-droits-de-lhomme\/","title":{"rendered":"Tunisie: Agression \u00e0 L\u2019encontre de la ligue des Droits de l\u2019Homme"},"content":{"rendered":"<div class=\"post-cont-in left relative\">\n<div id=\"post-info-wrap\" class=\"left relative post-info-out\">\n<div class=\"post-info-img left relative\"><img loading=\"lazy\" decoding=\"async\" alt=\"\" src=\"https:\/\/secure.gravatar.com\/avatar\/ea481d7287ad38ca1787f44b5bb1b70e?s=50&amp;d=mm&amp;r=g\" srcset=\"https:\/\/secure.gravatar.com\/avatar\/ea481d7287ad38ca1787f44b5bb1b70e?s=100&amp;d=mm&amp;r=g 2x\" class=\"avatar avatar-50 photo\" height=\"50\" width=\"50\"\/><\/div>\n<div class=\"post-info-in\">\n<div class=\"post-info-right left relative post-info-name left relative\"><span><span class=\"post-info-text\">Par<\/span> <span class=\"author-name vcard fn author\"><a href=\"https:\/\/www.tunisienumerique.com\/author\/rania-ben-slimane\/\" title=\"Articles par rania ben slimane\" rel=\"author\">rania ben slimane<\/a><\/span><\/span> <span class=\"post-date updated\"><time class=\"post-date updated\" datetime=\"2020-12-11\">\u00a0| Il y a 1 heure<\/time><\/span><\/div>\n<div class=\"left relative\"><button id=\"listenButton1\" class=\"responsivevoice-button\" type=\"button\" value=\"Play\" title=\"&#xC9;coutez l'article\"><span>\ud83d\udd0a \u00c9coutez l&rsquo;article<\/span><\/button> <\/div>\n<\/div>\n<\/div>\n<p>Le bureau ex\u00e9cutif de la Ligue Tunisienne de la D\u00e9fense des Droits de l\u2019Homme (LTDH) a annonc\u00e9, dans un communiqu\u00e9 rendu publique sur sa page le 11 d\u00e9cembre 2020 , que le Chef de la Commune du Kram, Fathi Layouni s\u2019est rendu au si\u00e8ge de la ligue de Tunis Nord.<\/p>\n<div class=\"code-block code-block-1 c4\"><ins class=\"adsbygoogle c3\" data-ad-layout=\"in-article\" data-ad-format=\"fluid\" data-ad-client=\"ca-pub-2102118777505746\" data-ad-slot=\"7301775417\"\/> <\/div>\n<p>Ce dernier, accompagn\u00e9 d\u2019un huissier de justice, a expuls\u00e9 le personnel du bureau de la ligue et a transf\u00e9r\u00e9 leurs mat\u00e9riel bureautique vers une destination inconnue.<\/p>\n<p>Le bureau s\u2019est \u00e9tonn\u00e9 du comportement de Layouni, surtout que ce dernier leur a offert ledit local, estimant qu\u2019ils ont \u00e9t\u00e9 victimes d\u2019une agression immorale, inhumaine et ill\u00e9gale.<\/p>\n<p>Dans le m\u00eame contexte, il a d\u00e9clar\u00e9 que l\u2019agresseur a enlev\u00e9 trois panneaux publicitaires ainsi qu\u2019une enseigne portant tous le nom de l\u2019association et l\u2019a chang\u00e9 par une autre au nom d\u2019une association coranique.<\/p>\n<p>\u00ab\u00a0<em>Nous ne sommes pas surpris par ces comportements barbares de Fethi Layouni car il est connu pour ses infractions insens\u00e9es antipopulaires et anarchiques qui ne peuvent qu\u2019exprimer une schizophr\u00e9nie aigu\u00eb et irr\u00e9versible et ne peuvent \u00eatre que le produit de l\u2019\u00e9tat d\u2019impunit\u00e9 qui a domin\u00e9 la vie politique<\/em> \u00bb. a-t-il ajout\u00e9<\/p>\n<p>La Ligue Tunisienne de la D\u00e9fense des Droits de l\u2019Homme a demand\u00e9 la sanction du chef de la Commune du Kram pour cette agression brutale qui a cibl\u00e9 tous ses membres en leur personne et en leur militantisme historique.<\/p>\n<div class=\"swp_social_panel swp_horizontal_panel swp_flat_fresh swp_default_full_color swp_individual_full_color swp_other_full_color scale-100 scale-\" data-min-width=\"1100\" data-float-color=\"#ffffff\" data-float=\"bottom\" data-float-mobile=\"bottom\" data-transition=\"slide\">\n<div class=\"nc_tweetContainer swp_share_button total_shares total_sharesalt\"><span class=\"swp_count\">10 <span class=\"swp_label\">Partages<\/span><\/span><\/div>\n<\/div>\n<p><strong>Que se passe-t-il en Tunisie?<\/strong><br \/>Nous expliquons sur notre <a href=\"https:\/\/www.youtube.com\/channel\/UCRzypVq0B_yBad5eGrwBx0Q?sub_confirmation=1\" target=\"_blank\" rel=\"noopener\">cha\u00eene YouTube<\/a> . <a href=\"https:\/\/www.youtube.com\/channel\/UCRzypVq0B_yBad5eGrwBx0Q?sub_confirmation=1\" target=\"_blank\" rel=\"noopener\">Abonnez-vous!<\/a><\/p>\n<div class=\"mvp-org-wrap mvp-org-logo\" itemprop=\"publisher\"><img decoding=\"async\" src=\"https:\/\/www.tunisienumerique.com\/wp-content\/uploads\/2017\/02\/logo_tunisie_numerique.png\"\/><\/div>\n<div class=\"mvp-related-posts left relative\">\n<h4 class=\"post-header\"><span class=\"post-header\">Lire aussi<\/span><\/h4>\n<\/div>\n<div id=\"article-ad\"><ins class=\"adsbygoogle c5\" data-ad-client=\"ca-pub-2102118777505746\" data-ad-slot=\"6513972734\" data-ad-format=\"auto\" data-full-width-responsive=\"true\"\/> <\/div>\n<\/div>\n<div id=\"post-sidebar-wrap\"><ins class=\"adsbygoogle c5\" data-ad-client=\"ca-pub-2102118777505746\" data-ad-slot=\"6168283410\" data-ad-format=\"auto\" data-full-width-responsive=\"true\"\/> <\/div>\n<p>Auteur: rania ben slimane<br \/>\n<a href=\"https:\/\/www.tunisienumerique.com\/tunisie-agression-a-lencontre-de-la-ligue-des-droits-de-lhomme\/\">Cliquez ici pour lire l&rsquo;article depuis sa source.<\/a><\/p>\n","protected":false},"excerpt":{"rendered":"<p>Par rania ben slimane \u00a0| Il y a 1 heure \ud83d\udd0a \u00c9coutez l&rsquo;article Le bureau ex\u00e9cutif de la Ligue Tunisienne de la D\u00e9fense des Droits de l\u2019Homme (LTDH) a annonc\u00e9, dans un communiqu\u00e9 rendu publique sur sa page le 11 d\u00e9cembre 2020 , que le Chef de la Commune du Kram, Fathi Layouni s\u2019est rendu [&hellip;]<\/p>\n","protected":false},"author":1789,"featured_media":0,"comment_status":"closed","ping_status":"closed","sticky":false,"template":"","format":"standard","meta":{"fifu_image_url":"https:\/\/secure.gravatar.com\/avatar\/ea481d7287ad38ca1787f44b5bb1b70e?s=50&d=mm&r=g","fifu_image_alt":"Tunisie: Agression \u00e0 L\u2019encontre de la ligue des Droits de l\u2019Homme","footnotes":""},"categories":[73,55],"tags":[],"class_list":["post-106959","post","type-post","status-publish","format-standard","hentry","category-actualite","category-tunisie"],"_links":{"self":[{"href":"https:\/\/linitiative.ca\/International\/wp-json\/wp\/v2\/posts\/106959","targetHints":{"allow":["GET"]}}],"collection":[{"href":"https:\/\/linitiative.ca\/International\/wp-json\/wp\/v2\/posts"}],"about":[{"href":"https:\/\/linitiative.ca\/International\/wp-json\/wp\/v2\/types\/post"}],"author":[{"embeddable":true,"href":"https:\/\/linitiative.ca\/International\/wp-json\/wp\/v2\/users\/1789"}],"replies":[{"embeddable":true,"href":"https:\/\/linitiative.ca\/International\/wp-json\/wp\/v2\/comments?post=106959"}],"version-history":[{"count":0,"href":"https:\/\/linitiative.ca\/International\/wp-json\/wp\/v2\/posts\/106959\/revisions"}],"wp:attachment":[{"href":"https:\/\/linitiative.ca\/International\/wp-json\/wp\/v2\/media?parent=106959"}],"wp:term":[{"taxonomy":"category","embeddable":true,"href":"https:\/\/linitiative.ca\/International\/wp-json\/wp\/v2\/categories?post=106959"},{"taxonomy":"post_tag","embeddable":true,"href":"https:\/\/linitiative.ca\/International\/wp-json\/wp\/v2\/tags?post=106959"}],"curies":[{"name":"wp","href":"https:\/\/api.w.org\/{rel}","templated":true}]}}