{"id":106965,"date":"2020-12-11T08:48:50","date_gmt":"2020-12-11T13:48:50","guid":{"rendered":"https:\/\/linitiative.ca\/International\/11-decembre-2020-a-banfora-celebre-sous-le-signe-de-la-cohesion-nationale\/"},"modified":"2020-12-11T08:48:50","modified_gmt":"2020-12-11T13:48:50","slug":"11-decembre-2020-a-banfora-celebre-sous-le-signe-de-la-cohesion-nationale","status":"publish","type":"post","link":"https:\/\/linitiative.ca\/International\/11-decembre-2020-a-banfora-celebre-sous-le-signe-de-la-cohesion-nationale\/","title":{"rendered":"11-D\u00e9cembre 2020 \u00e0 Banfora, c\u00e9l\u00e9br\u00e9 sous le signe de la coh\u00e9sion nationale"},"content":{"rendered":"<div class=\"td-post-featured-image\"><a href=\"https:\/\/www.sidwaya.info\/wp-content\/uploads\/2020\/12\/ROCH.jpg\" data-caption=\"\"><img loading=\"lazy\" decoding=\"async\" width=\"598\" height=\"540\" class=\"entry-thumb td-modal-image\" src=\"https:\/\/www.sidwaya.info\/wp-content\/uploads\/2020\/12\/ROCH.jpg\" srcset=\"https:\/\/www.sidwaya.info\/wp-content\/uploads\/2020\/12\/ROCH.jpg 598w, https:\/\/www.sidwaya.info\/wp-content\/uploads\/2020\/12\/ROCH-300x271.jpg 300w, https:\/\/www.sidwaya.info\/wp-content\/uploads\/2020\/12\/ROCH-465x420.jpg 465w\" sizes=\"auto, (max-width: 598px) 100vw, 598px\" alt=\"\" title=\"ROCH\"\/><\/a><\/div>\n<p>Le pr\u00e9sident du Faso Roch Marc Christian Kabor\u00e9, a pr\u00e9sid\u00e9 ce vendredi 11 d\u00e9cembre 2020 \u00e0 Banfora le d\u00e9fil\u00e9 civil et militaire marquant la c\u00e9l\u00e9bration \u00a0du 60e anniversaire de l\u2019ind\u00e9pendance du Burkina Faso. Le \u00a0th\u00e8me de cette ann\u00e9e est : \u00ab Coh\u00e9sion nationale et engagement patriotique pour un d\u00e9veloppement durable du Burkina Faso dans un contexte d\u2019ins\u00e9curit\u00e9 et de COVID-19 \u00bb.<\/p>\n<p>Rendez-vous est donn\u00e9 pour le 61e anniversaire \u00e0 Ziniar\u00e9 dans le plateau central.<\/p>\n<hr\/>\n<p><strong>Propos du pr\u00e9sident du Faso \u00a0\u00e0 la fin du d\u00e9fil\u00e9<\/strong><\/p>\n<p>\u00ab\u00a0J\u2019<em>ai pr\u00e9sid\u00e9 ce vendredi 11 d\u00e9cembre 2020 \u00e0 Banfora, la grande parade civile et militaire marquant le 60e anniversaire de l\u2019ind\u00e9pendance de notre ch\u00e8re patrie le Burkina Faso.<\/em><\/p>\n<p><em>Cette c\u00e9l\u00e9bration est aussi celle d\u2019un Burkina r\u00e9silient, de libert\u00e9 et de dignit\u00e9, qui assume courageusement son destin avec la promesse d\u2019un avenir de paix, de prosp\u00e9rit\u00e9 et de progr\u00e8s partag\u00e9s pour toutes les filles et tous les fils de notre pays.<\/em> <em>Je rends hommage aux devanciers, \u00e0 tous les combattants de la libert\u00e9, aux Forces de d\u00e9fense et de s\u00e9curit\u00e9, aux Volontaires pour la D\u00e9fense de la Patrie, \u00e0 toutes les forces vives qui, par leur engagement solidaire, rendent cet avenir possible.<\/em><\/p>\n<p>Bonne f\u00eate de l\u2019ind\u00e9pendance \u00e0 tous et \u00e0 toutes, et que Dieu b\u00e9nisse le Burkina<strong>.\u00a0\u00bb<\/strong><\/p>\n<p>B.S<\/p>\n<div class=\"td-a-rec td-a-rec-id-content_bottom tdi_32_82e td_block_template_1\"><img loading=\"lazy\" decoding=\"async\" class=\"aligncenter size-full wp-image-27454\" src=\"https:\/\/www.sidwaya.info\/wp-content\/uploads\/2020\/10\/PUB-Bandeau-paiement-mobile-siteweb.jpg\" alt=\"\" width=\"728\" height=\"90\"\/><\/div>\n<p>Auteur: BS. Sidwaya<br \/>\n<a href=\"https:\/\/www.sidwaya.info\/blog\/2020\/12\/11\/11-decembre-2020-a-banfora-celebre-sous-le-signe-de-la-cohesion-nationale\/\">Cliquez ici pour lire l&rsquo;article depuis sa source.<\/a><\/p>\n","protected":false},"excerpt":{"rendered":"<p>Le pr\u00e9sident du Faso Roch Marc Christian Kabor\u00e9, a pr\u00e9sid\u00e9 ce vendredi 11 d\u00e9cembre 2020 \u00e0 Banfora le d\u00e9fil\u00e9 civil et militaire marquant la c\u00e9l\u00e9bration \u00a0du 60e anniversaire de l\u2019ind\u00e9pendance du Burkina Faso. Le \u00a0th\u00e8me de cette ann\u00e9e est : \u00ab Coh\u00e9sion nationale et engagement patriotique pour un d\u00e9veloppement durable du Burkina Faso dans un [&hellip;]<\/p>\n","protected":false},"author":1816,"featured_media":0,"comment_status":"closed","ping_status":"closed","sticky":false,"template":"","format":"standard","meta":{"fifu_image_url":"https:\/\/www.sidwaya.info\/wp-content\/uploads\/2020\/12\/ROCH.jpg","fifu_image_alt":"11-D\u00e9cembre 2020 \u00e0 Banfora, c\u00e9l\u00e9br\u00e9 sous le signe de la coh\u00e9sion nationale","footnotes":""},"categories":[73,81],"tags":[],"class_list":["post-106965","post","type-post","status-publish","format-standard","hentry","category-actualite","category-burkina-faso"],"_links":{"self":[{"href":"https:\/\/linitiative.ca\/International\/wp-json\/wp\/v2\/posts\/106965","targetHints":{"allow":["GET"]}}],"collection":[{"href":"https:\/\/linitiative.ca\/International\/wp-json\/wp\/v2\/posts"}],"about":[{"href":"https:\/\/linitiative.ca\/International\/wp-json\/wp\/v2\/types\/post"}],"author":[{"embeddable":true,"href":"https:\/\/linitiative.ca\/International\/wp-json\/wp\/v2\/users\/1816"}],"replies":[{"embeddable":true,"href":"https:\/\/linitiative.ca\/International\/wp-json\/wp\/v2\/comments?post=106965"}],"version-history":[{"count":0,"href":"https:\/\/linitiative.ca\/International\/wp-json\/wp\/v2\/posts\/106965\/revisions"}],"wp:attachment":[{"href":"https:\/\/linitiative.ca\/International\/wp-json\/wp\/v2\/media?parent=106965"}],"wp:term":[{"taxonomy":"category","embeddable":true,"href":"https:\/\/linitiative.ca\/International\/wp-json\/wp\/v2\/categories?post=106965"},{"taxonomy":"post_tag","embeddable":true,"href":"https:\/\/linitiative.ca\/International\/wp-json\/wp\/v2\/tags?post=106965"}],"curies":[{"name":"wp","href":"https:\/\/api.w.org\/{rel}","templated":true}]}}