{"id":106971,"date":"2020-12-11T13:18:02","date_gmt":"2020-12-11T18:18:02","guid":{"rendered":"https:\/\/linitiative.ca\/International\/plus-de-dix-chefs-detat-attendus-lundi-a-linvestiture-de-ouattara-a-abidjan\/"},"modified":"2020-12-11T13:18:02","modified_gmt":"2020-12-11T18:18:02","slug":"plus-de-dix-chefs-detat-attendus-lundi-a-linvestiture-de-ouattara-a-abidjan","status":"publish","type":"post","link":"https:\/\/linitiative.ca\/International\/plus-de-dix-chefs-detat-attendus-lundi-a-linvestiture-de-ouattara-a-abidjan\/","title":{"rendered":"Plus de dix chefs d\u2019Etat attendus lundi \u00e0 l\u2019investiture de Ouattara \u00e0 Abidjan"},"content":{"rendered":"<div readability=\"32\">\n<p>Publi\u00e9 le 11.12.2020 \u00e0 19h18 par APA News<\/p>\n<\/div>\n<div readability=\"94\">\n<p>Plusieurs chefs d\u2019Etat et de gouvernement dont une dizaine de la Communaut\u00e9 \u00e9conomique des \u00c9tats de l\u2019Afrique de l\u2019ouest ( CEDEAO) sont attendus \u00e0 la c\u00e9r\u00e9monie d\u2019investiture du pr\u00e9sident ivoirien Alassane Ouattara pr\u00e9vue, lundi, au palais pr\u00e9sidentiel d\u2019Abidjan, a appris APA vendredi de source officielle .Selon un communiqu\u00e9 de la pr\u00e9sidence ivoirienne, plus de 300 invit\u00e9s dont des chefs d\u2019Etat et de gouvernement, des chefs de mission diplomatique et des repr\u00e9sentants des institutions internationales seront pr\u00e9sents \u00e0 cette c\u00e9r\u00e9monie solennelle de prestation de serment de M. Ouattara.<\/p>\n<p>Parmi les chefs d\u2019Etat attendus, l\u2019on peut citer entre autres, Patrice Talon ( B\u00e9nin), Roch Marc Kabor\u00e9 ( Burkina Faso), Denis Sassou N\u2019Guesso ( Congo), Sahle-Work Zewde ( \u00c9thiopie), Nana Akuffo-Addo (Ghana), Umaro Cissoco Embalo (Guin\u00e9e-Bissau), Georges Weah (Lib\u00e9ria), Bah N\u2019Daw (Mali) , Mohamed Ould El-Ghazouani \u00a0(Mauritanie), Issoufou Mahamadou (Niger), Macky Sall (S\u00e9n\u00e9gal) et Faure \u00a0Gnassingb\u00e9 (Togo).<\/p>\n<p>Par ailleurs, ajoute le communiqu\u00e9, le Pr\u00e9sident de l\u2019Afrique du Sud, Cyril Ramaphosa, \u00e9galement Pr\u00e9sident en exercice de l\u2019Union Africaine, sera repr\u00e9sent\u00e9 par son Ministre des Ressources mini\u00e8res et de l\u2019Energie, Gwede Mantashe, et la France, par son Ministre de l\u2019Europe et des affaires \u00e9trang\u00e8res, Jean-Yves Le Drian.<\/p>\n<p>Le Pr\u00e9sident de la Commission de l\u2019Union Africaine, Moussa Faki Mahamat, le Pr\u00e9sident de la Commission de la CEDEAO, Jean-Claude Kassi Brou, le Pr\u00e9sident de la Commission de l\u2019Union \u00e9conomique et mon\u00e9taire Ouest-Africaine (UEMOA), Abdallah Boureima, ainsi que le Repr\u00e9sentant sp\u00e9cial du Secr\u00e9taire g\u00e9n\u00e9ral des Nations Unies pour l\u2019Afrique de l\u2019Ouest et le Sahel, Mohamed Ibn Chambas, sont \u00e9galement attendus.<\/p>\n<p>Le pr\u00e9sident ivoirien Alassane Ouattara a \u00e9t\u00e9 r\u00e9\u00e9lu pour un nouveau mandat \u00e0 l\u2019issue du premier tour de l\u2019\u00e9lection pr\u00e9sidentielle ivoirienne du 31 octobre dernier avec 94,27% des suffrages contre 1,99 % pour son adversaire, le candidat ind\u00e9pendant Kouadio Konan Bertin dit KKB. \u00a0Ce scrutin qui \u00e9t\u00e9 a boycott\u00e9 par l\u2019opposition ivoirienne, a enregistr\u00e9 un taux de participation de 53,90 %.<\/p>\n<\/div>\n<p>Auteur: APA News<br \/>\n<a href=\"https:\/\/www.journalducameroun.com\/plus-de-dix-chefs-detat-attendus-lundi-a-linvestiture-de-ouattara-a-abidjan\/\">Cliquez ici pour lire l&rsquo;article depuis sa source.<\/a><\/p>\n","protected":false},"excerpt":{"rendered":"<p>Publi\u00e9 le 11.12.2020 \u00e0 19h18 par APA News Plusieurs chefs d\u2019Etat et de gouvernement dont une dizaine de la Communaut\u00e9 \u00e9conomique des \u00c9tats de l\u2019Afrique de l\u2019ouest ( CEDEAO) sont attendus \u00e0 la c\u00e9r\u00e9monie d\u2019investiture du pr\u00e9sident ivoirien Alassane Ouattara pr\u00e9vue, lundi, au palais pr\u00e9sidentiel d\u2019Abidjan, a appris APA vendredi de source officielle .Selon un [&hellip;]<\/p>\n","protected":false},"author":1965,"featured_media":0,"comment_status":"closed","ping_status":"closed","sticky":false,"template":"","format":"standard","meta":{"fifu_image_url":"","fifu_image_alt":"","footnotes":""},"categories":[73,82],"tags":[],"class_list":["post-106971","post","type-post","status-publish","format-standard","hentry","category-actualite","category-cameroun"],"_links":{"self":[{"href":"https:\/\/linitiative.ca\/International\/wp-json\/wp\/v2\/posts\/106971","targetHints":{"allow":["GET"]}}],"collection":[{"href":"https:\/\/linitiative.ca\/International\/wp-json\/wp\/v2\/posts"}],"about":[{"href":"https:\/\/linitiative.ca\/International\/wp-json\/wp\/v2\/types\/post"}],"author":[{"embeddable":true,"href":"https:\/\/linitiative.ca\/International\/wp-json\/wp\/v2\/users\/1965"}],"replies":[{"embeddable":true,"href":"https:\/\/linitiative.ca\/International\/wp-json\/wp\/v2\/comments?post=106971"}],"version-history":[{"count":0,"href":"https:\/\/linitiative.ca\/International\/wp-json\/wp\/v2\/posts\/106971\/revisions"}],"wp:attachment":[{"href":"https:\/\/linitiative.ca\/International\/wp-json\/wp\/v2\/media?parent=106971"}],"wp:term":[{"taxonomy":"category","embeddable":true,"href":"https:\/\/linitiative.ca\/International\/wp-json\/wp\/v2\/categories?post=106971"},{"taxonomy":"post_tag","embeddable":true,"href":"https:\/\/linitiative.ca\/International\/wp-json\/wp\/v2\/tags?post=106971"}],"curies":[{"name":"wp","href":"https:\/\/api.w.org\/{rel}","templated":true}]}}