{"id":106972,"date":"2020-12-11T13:18:04","date_gmt":"2020-12-11T18:18:04","guid":{"rendered":"https:\/\/linitiative.ca\/International\/cote-divoire-la-1ere-dame-lance-la-campagne-2021-de-lutte-contre-les-violences-faites-aux-enfants\/"},"modified":"2020-12-11T13:18:04","modified_gmt":"2020-12-11T18:18:04","slug":"cote-divoire-la-1ere-dame-lance-la-campagne-2021-de-lutte-contre-les-violences-faites-aux-enfants","status":"publish","type":"post","link":"https:\/\/linitiative.ca\/International\/cote-divoire-la-1ere-dame-lance-la-campagne-2021-de-lutte-contre-les-violences-faites-aux-enfants\/","title":{"rendered":"C\u00f4te d\u2019Ivoire: la 1\u00e8re Dame lance la campagne 2021 de lutte contre les violences faites aux enfants"},"content":{"rendered":"<div readability=\"32\">\n<p>Publi\u00e9 le 11.12.2020 \u00e0 19h18 par APA News<\/p>\n<\/div>\n<div readability=\"104\">\n<p>La Premi\u00e8re dame de C\u00f4te d\u2019Ivoire, Mme Dominique Ouattara, a lanc\u00e9 vendredi \u00e0 Abidjan la campagne nationale de lutte contre les violences faites aux enfants, lors d\u2019une c\u00e9r\u00e9monie en pr\u00e9sence de partenaires au d\u00e9veloppement.\u00a0\u00bbCette campagne \u00e9pouse parfaitement mon engagement \u00e0 la protection des enfants\u00a0\u00bb, a dit Mme Dominique Ouattara, la pr\u00e9sidente de la Fondation Children of Africa, marraine de l\u2019\u00e9v\u00e9nement.\u00a0<\/p>\n<p>Les violences, fera-t-elle remarquer, g\u00e9n\u00e8rent des traumatismes et laissent des stigmates dramatiques chez les enfants. C\u2019est pourquoi il est imp\u00e9rieux de braquer les projecteurs sur ce drame.\u00a0<\/p>\n<p>Sensible \u00e0 la cause des enfants maltrait\u00e9s, orphelins et vivant dans la rue, Mme Dominique Ouattara a cr\u00e9\u00e9 en 1998 un foyer d\u2019accueil appel\u00e9 la case des enfants avant de mettre en place sa fondation dans le but de formaliser ses actions d\u2019aide aux enfants.<\/p>\n<p>In\u00e8s Gouanou, la pr\u00e9sidente du Parlement des enfants a fait observer que les enfants souffrent encore de violences de tous genres et l&rsquo;\u00a0\u00bbon ne doit plus garder le silence\u00a0\u00bb face \u00e0 ce ph\u00e9nom\u00e8ne.<\/p>\n<p>Elle a relev\u00e9 que les troubles li\u00e9s \u00e0 l\u2019\u00e9lection pr\u00e9sidentielle ivoirienne a entra\u00een\u00e9 une perturbation des cours dans les \u00e9coles. En outre, le Parlement des enfants demande \u00ab\u00a0des actes forts pour que les choses changent\u00a0\u00bb.<\/p>\n<p>La ministre ivoirienne de la Femme, de la famille et de l\u2019enfant, Ly-Ramata Bakayoko, a \u00a0salu\u00e9 \u00e0 cette occasion les partenaires au d\u00e9veloppement dont les appuis financiers contribuent de \u00ab\u00a0fa\u00e7on significative \u00e0 la protection des droits des enfants et des femmes\u00a0\u00bb.\u00a0<\/p>\n<p>L\u2019Unicef accompagne l\u2019Etat de C\u00f4te d\u2019Ivoire dans cette campagne. L\u2019institution qui c\u00e9l\u00e8bre d\u2019ailleurs ses 74 ans ce jour, apporte un appui consid\u00e9rable dans la prise en charge des enfants vuln\u00e9rables surtout dans le contexte de Covid-19.<\/p>\n<p>Marc Vincent, le repr\u00e9sentant r\u00e9sident pays de l\u2019Unicef a indiqu\u00e9 que la C\u00f4te d\u2019Ivoire fait partie des premiers \u00c9tats en Afrique \u00e0 faire une enqu\u00eate sur les violences faites aux enfants.\u00a0<\/p>\n<p>Selon une enqu\u00eate nationale sur les violences faites aux enfants et aux jeunes r\u00e9alis\u00e9e en 2018, il ressort que 71% des gar\u00e7ons et 47% des filles ont subi des violences physiques.<\/p>\n<p>En outre, 19% des filles et 11% des gar\u00e7ons ont subi des abus sexuels avant 18 ans; et 40% des \u00e9l\u00e8ves \u00a0(gar\u00e7ons et filles) sont physiquement punis par les enseignants.<\/p>\n<p>Cette campagne vient comme une r\u00e9ponse \u00e0 la violence faite aux enfants. Pour l\u2019\u00e9dition 2021 le th\u00e8me est : \u00ab\u00a0Reinventons une C\u00f4te d\u2019Ivoire sans violence faite aux enfants\u00a0\u00bb.\u00a0<\/p>\n<p>La campagne se d\u00e9roulera sur six axes : cr\u00e9ation d\u2019un groupe de r\u00e9flexion de haut niveau sur la question \u00a0(1), \u00a0mobilisation des services du gouvernement (2), \u00a0m\u00e9dia et communication.<\/p>\n<p>La mobilisation du syst\u00e8me des Nations Unies, des partenaires techniques et financiers et les ONG constitue \u00e9galement un axe, ainsi que la mobilisation du secteur priv\u00e9 \u00a0puis la mobilisation des enfants et des jeunes.<\/p>\n<p>Le lancement de la campagne s\u2019est d\u00e9roul\u00e9 en pr\u00e9sence de plusieurs \u00e9pouses de membres du gouvernement et de pr\u00e9sidents d\u2019institutions dont Yolande Bakayoko, l\u2019\u00e9pouse du Premier ministre.<\/p>\n<\/div>\n<p>Auteur: APA News<br \/>\n<a href=\"https:\/\/www.journalducameroun.com\/cote-divoire-la-1ere-dame-lance-la-campagne-2021-de-lutte-contre-les-violences-faites-aux-enfants\/\">Cliquez ici pour lire l&rsquo;article depuis sa source.<\/a><\/p>\n","protected":false},"excerpt":{"rendered":"<p>Publi\u00e9 le 11.12.2020 \u00e0 19h18 par APA News La Premi\u00e8re dame de C\u00f4te d\u2019Ivoire, Mme Dominique Ouattara, a lanc\u00e9 vendredi \u00e0 Abidjan la campagne nationale de lutte contre les violences faites aux enfants, lors d\u2019une c\u00e9r\u00e9monie en pr\u00e9sence de partenaires au d\u00e9veloppement.\u00a0\u00bbCette campagne \u00e9pouse parfaitement mon engagement \u00e0 la protection des enfants\u00a0\u00bb, a dit Mme [&hellip;]<\/p>\n","protected":false},"author":1965,"featured_media":0,"comment_status":"closed","ping_status":"closed","sticky":false,"template":"","format":"standard","meta":{"fifu_image_url":"","fifu_image_alt":"","footnotes":""},"categories":[73,82],"tags":[],"class_list":["post-106972","post","type-post","status-publish","format-standard","hentry","category-actualite","category-cameroun"],"_links":{"self":[{"href":"https:\/\/linitiative.ca\/International\/wp-json\/wp\/v2\/posts\/106972","targetHints":{"allow":["GET"]}}],"collection":[{"href":"https:\/\/linitiative.ca\/International\/wp-json\/wp\/v2\/posts"}],"about":[{"href":"https:\/\/linitiative.ca\/International\/wp-json\/wp\/v2\/types\/post"}],"author":[{"embeddable":true,"href":"https:\/\/linitiative.ca\/International\/wp-json\/wp\/v2\/users\/1965"}],"replies":[{"embeddable":true,"href":"https:\/\/linitiative.ca\/International\/wp-json\/wp\/v2\/comments?post=106972"}],"version-history":[{"count":0,"href":"https:\/\/linitiative.ca\/International\/wp-json\/wp\/v2\/posts\/106972\/revisions"}],"wp:attachment":[{"href":"https:\/\/linitiative.ca\/International\/wp-json\/wp\/v2\/media?parent=106972"}],"wp:term":[{"taxonomy":"category","embeddable":true,"href":"https:\/\/linitiative.ca\/International\/wp-json\/wp\/v2\/categories?post=106972"},{"taxonomy":"post_tag","embeddable":true,"href":"https:\/\/linitiative.ca\/International\/wp-json\/wp\/v2\/tags?post=106972"}],"curies":[{"name":"wp","href":"https:\/\/api.w.org\/{rel}","templated":true}]}}