{"id":106973,"date":"2020-12-11T15:18:02","date_gmt":"2020-12-11T20:18:02","guid":{"rendered":"https:\/\/linitiative.ca\/International\/sahara-la-france-considere-le-plan-dautonomie-marocain-comme-une-base-de-discussions-serieuse-et-credible\/"},"modified":"2020-12-11T15:18:02","modified_gmt":"2020-12-11T20:18:02","slug":"sahara-la-france-considere-le-plan-dautonomie-marocain-comme-une-base-de-discussions-serieuse-et-credible","status":"publish","type":"post","link":"https:\/\/linitiative.ca\/International\/sahara-la-france-considere-le-plan-dautonomie-marocain-comme-une-base-de-discussions-serieuse-et-credible\/","title":{"rendered":"Sahara : La France consid\u00e8re le plan d\u2019autonomie marocain comme \u00ab une base de discussions s\u00e9rieuse et cr\u00e9dible \u00bb"},"content":{"rendered":"<div readability=\"32\">\n<p>Publi\u00e9 le 11.12.2020 \u00e0 21h18 par APA News<\/p>\n<\/div>\n<div readability=\"58\">\n<p>La France consid\u00e8re que le plan d\u2019autonomie propos\u00e9 par le Maroc constitue \u00ab une base de discussions s\u00e9rieuse et cr\u00e9dible \u00bb, pour r\u00e9gler le conflit du Sahara qui \u00ab n\u2019a que trop dur\u00e9 \u00bb.R\u00e9agissant vendredi \u00e0 la d\u00e9cision am\u00e9ricaine de reconnaitre la pleine souverainet\u00e9 du Maroc sur le Sahara, la porte-parole du minist\u00e8re fran\u00e7ais des Affaires \u00e9trang\u00e8res a indiqu\u00e9 que le conflit au Sahara \u00ab n\u2019a que trop dur\u00e9 et fait peser un risque permanent de tensions, comme nous l\u2019avons vu r\u00e9cemment \u00e0 El Guerguarat. La France est attach\u00e9e \u00e0 la recherche d\u2019une solution politique dans le cadre de la l\u00e9galit\u00e9 internationale. Elle est, sur cette base, favorable \u00e0 une solution politique juste, durable et mutuellement acceptable, conform\u00e9ment aux r\u00e9solutions du Conseil de s\u00e9curit\u00e9 des Nations unies \u00bb.<\/p>\n<p>\u00ab Dans cette perspective, la France consid\u00e8re le plan d\u2019autonomie marocain comme une base de discussions s\u00e9rieuse et cr\u00e9dible \u00bb, a-t-elle dit.<\/p>\n<p>S\u2019agissant de la question palestinienne, la France a salu\u00e9 \u00ab le rappel par les autorit\u00e9s marocaines de leur soutien \u00e0 la solution des deux \u00c9tats vivant c\u00f4te-\u00e0-c\u00f4te dans la paix et la s\u00e9curit\u00e9 \u00bbet soulign\u00e9 \u00ab l\u2019importance des n\u00e9gociations entre les parties pour parvenir \u00e0 une paix durable \u00bb.<\/p>\n<p>\u00ab Avec ses partenaires, la France est d\u00e9termin\u00e9e \u00e0 contribuer \u00e0 une reprise du dialogue sur la base du droit international et des param\u00e8tres agr\u00e9\u00e9s \u00bb, a-t-elle ajout\u00e9.<\/p>\n<\/div>\n<p>Auteur: APA News<br \/>\n<a href=\"https:\/\/www.journalducameroun.com\/sahara-la-france-considere-le-plan-dautonomie-marocain-comme-une-base-de-discussions-serieuse-et-credible\/\">Cliquez ici pour lire l&rsquo;article depuis sa source.<\/a><\/p>\n","protected":false},"excerpt":{"rendered":"<p>Publi\u00e9 le 11.12.2020 \u00e0 21h18 par APA News La France consid\u00e8re que le plan d\u2019autonomie propos\u00e9 par le Maroc constitue \u00ab une base de discussions s\u00e9rieuse et cr\u00e9dible \u00bb, pour r\u00e9gler le conflit du Sahara qui \u00ab n\u2019a que trop dur\u00e9 \u00bb.R\u00e9agissant vendredi \u00e0 la d\u00e9cision am\u00e9ricaine de reconnaitre la pleine souverainet\u00e9 du Maroc sur [&hellip;]<\/p>\n","protected":false},"author":1965,"featured_media":0,"comment_status":"closed","ping_status":"closed","sticky":false,"template":"","format":"standard","meta":{"fifu_image_url":"","fifu_image_alt":"","footnotes":""},"categories":[73,82],"tags":[],"class_list":["post-106973","post","type-post","status-publish","format-standard","hentry","category-actualite","category-cameroun"],"_links":{"self":[{"href":"https:\/\/linitiative.ca\/International\/wp-json\/wp\/v2\/posts\/106973","targetHints":{"allow":["GET"]}}],"collection":[{"href":"https:\/\/linitiative.ca\/International\/wp-json\/wp\/v2\/posts"}],"about":[{"href":"https:\/\/linitiative.ca\/International\/wp-json\/wp\/v2\/types\/post"}],"author":[{"embeddable":true,"href":"https:\/\/linitiative.ca\/International\/wp-json\/wp\/v2\/users\/1965"}],"replies":[{"embeddable":true,"href":"https:\/\/linitiative.ca\/International\/wp-json\/wp\/v2\/comments?post=106973"}],"version-history":[{"count":0,"href":"https:\/\/linitiative.ca\/International\/wp-json\/wp\/v2\/posts\/106973\/revisions"}],"wp:attachment":[{"href":"https:\/\/linitiative.ca\/International\/wp-json\/wp\/v2\/media?parent=106973"}],"wp:term":[{"taxonomy":"category","embeddable":true,"href":"https:\/\/linitiative.ca\/International\/wp-json\/wp\/v2\/categories?post=106973"},{"taxonomy":"post_tag","embeddable":true,"href":"https:\/\/linitiative.ca\/International\/wp-json\/wp\/v2\/tags?post=106973"}],"curies":[{"name":"wp","href":"https:\/\/api.w.org\/{rel}","templated":true}]}}