{"id":106990,"date":"2020-12-12T06:13:43","date_gmt":"2020-12-12T11:13:43","guid":{"rendered":"https:\/\/linitiative.ca\/International\/la-reconnaissance-us-un-couronnement-de-la-diplomatie-sage-de-sm-le-roi\/"},"modified":"2020-12-12T06:13:43","modified_gmt":"2020-12-12T11:13:43","slug":"la-reconnaissance-us-un-couronnement-de-la-diplomatie-sage-de-sm-le-roi","status":"publish","type":"post","link":"https:\/\/linitiative.ca\/International\/la-reconnaissance-us-un-couronnement-de-la-diplomatie-sage-de-sm-le-roi\/","title":{"rendered":"La reconnaissance US, un couronnement de la diplomatie sage de SM le Roi"},"content":{"rendered":"<div readability=\"37\">\n<p>Marrakech \u2013 La reconnaissance par les Etats-Unis de la souverainet\u00e9 du Maroc sur son Sahara est un couronnement de la diplomatie sage de Sa Majest\u00e9 le Roi Mohammed VI, a affirm\u00e9 le doyen par int\u00e9rim de la Facult\u00e9 des sciences juridiques, \u00e9conomiques et sociales de Marrakech, Zakaria Khalil.<\/p>\n<\/div>\n<div readability=\"74\">\n<p>Dans une d\u00e9claration \u00e0 la MAP, M. Khalil a expliqu\u00e9 que \u00ab\u00a0cet exploit diplomatique r\u00e9alis\u00e9 par le Maroc est le fruit des efforts soutenus, men\u00e9s sous l\u2019impulsion de SM le Roi sur la base d\u2019une strat\u00e9gie ferme et d\u2019une vision clairvoyante, reposant sur la protection des int\u00e9r\u00eats nationaux et la d\u00e9fense de l\u2019int\u00e9grit\u00e9 territoriale\u00a0\u00bb.<\/p>\n<p>La reconnaissance par Washington de la pleine souverainet\u00e9 du Maroc sur son Sahara, \u00e0 travers un d\u00e9cret pr\u00e9sidentiel, avec toute sa port\u00e9e juridique et politique in\u00e9branlable, est l\u2019aboutissement de ces efforts diplomatiques et de la vision clairvoyante de la diplomatie marocaine, sous la conduite \u00e9clair\u00e9e du Souverain, a-t-il poursuivi.<\/p>\n<p>Et M. Khalil d\u2019encha\u00eener que ce d\u00e9cret pr\u00e9sidentiel jette les bases d\u2019une nouvelle \u00e8re dans les relations internationales o\u00f9 il n\u2019y a plus place aux conflits artificiels qui entravent le d\u00e9veloppement, paralysent la circulation des personnes entre les pays et sapent la r\u00e9alisation du d\u00e9veloppement souhait\u00e9, soulignant que \u00ab\u00a0ces conflits mont\u00e9s de toutes pi\u00e8ces doivent \u00eatre trait\u00e9s avec fermet\u00e9 en vue d\u2019y mettre fin \u00e0 travers des d\u00e9cisions d\u00e9terminantes avec des faits historiques et juridiques \u00e0 l\u2019appui\u00a0\u00bb.<\/p>\n<p>Le Maroc r\u00e9colte ainsi les fruits de la diplomatie sage de SM le Roi, a-t-il soutenu, affirmant que d\u2019autres r\u00e9alisations \u00e9conomiques suivront dans la prochaine \u00e9tape, \u00e0 la faveur desquelles les provinces du Sud du Royaume seront \u00e9rig\u00e9es en une locomotive du d\u00e9veloppement \u00e0 l\u2019\u00e9chelle africaine.<\/p>\n<p>Pour M. Khalil, \u00ab\u00a0la reconnaissance de la souverainet\u00e9 du Maroc sur son Sahara ainsi que l\u2019ouverture d\u2019un consulat am\u00e9ricain \u00e0 Dakhla constituent une preuve de la faiblesse des th\u00e8ses des adversaires de notre int\u00e9grit\u00e9 territoriale et de la fragilit\u00e9 de leurs positions\u00a0\u00bb.<\/p>\n<p>\u00ab\u00a0Le Maroc est dans son Sahara et le Sahara est dans son Maroc\u00a0\u00bb, a-t-il dit, avant de conclure que \u00ab\u00a0d\u2019autres d\u00e9veloppements sont attendus et de nouvelles perc\u00e9es seront bient\u00f4t r\u00e9alis\u00e9es sur le plan diplomatique au sujet de la question du Sahara marocain\u00a0\u00bb.<\/p>\n<\/div>\n<p>Auteur: Meriem IGASS<br \/>\n<a href=\"http:\/\/www.mapmarrakech.ma\/fr\/la-reconnaissance-us-un-couronnement-de-la-diplomatie-sage-de-sm-le-roi\/\">Cliquez ici pour lire l&rsquo;article depuis sa source.<\/a><\/p>\n","protected":false},"excerpt":{"rendered":"<p>Marrakech \u2013 La reconnaissance par les Etats-Unis de la souverainet\u00e9 du Maroc sur son Sahara est un couronnement de la diplomatie sage de Sa Majest\u00e9 le Roi Mohammed VI, a affirm\u00e9 le doyen par int\u00e9rim de la Facult\u00e9 des sciences juridiques, \u00e9conomiques et sociales de Marrakech, Zakaria Khalil. Dans une d\u00e9claration \u00e0 la MAP, M. [&hellip;]<\/p>\n","protected":false},"author":1788,"featured_media":0,"comment_status":"closed","ping_status":"closed","sticky":false,"template":"","format":"standard","meta":{"fifu_image_url":"","fifu_image_alt":"","footnotes":""},"categories":[54,76],"tags":[],"class_list":["post-106990","post","type-post","status-publish","format-standard","hentry","category-maroc","category-regions"],"_links":{"self":[{"href":"https:\/\/linitiative.ca\/International\/wp-json\/wp\/v2\/posts\/106990","targetHints":{"allow":["GET"]}}],"collection":[{"href":"https:\/\/linitiative.ca\/International\/wp-json\/wp\/v2\/posts"}],"about":[{"href":"https:\/\/linitiative.ca\/International\/wp-json\/wp\/v2\/types\/post"}],"author":[{"embeddable":true,"href":"https:\/\/linitiative.ca\/International\/wp-json\/wp\/v2\/users\/1788"}],"replies":[{"embeddable":true,"href":"https:\/\/linitiative.ca\/International\/wp-json\/wp\/v2\/comments?post=106990"}],"version-history":[{"count":0,"href":"https:\/\/linitiative.ca\/International\/wp-json\/wp\/v2\/posts\/106990\/revisions"}],"wp:attachment":[{"href":"https:\/\/linitiative.ca\/International\/wp-json\/wp\/v2\/media?parent=106990"}],"wp:term":[{"taxonomy":"category","embeddable":true,"href":"https:\/\/linitiative.ca\/International\/wp-json\/wp\/v2\/categories?post=106990"},{"taxonomy":"post_tag","embeddable":true,"href":"https:\/\/linitiative.ca\/International\/wp-json\/wp\/v2\/tags?post=106990"}],"curies":[{"name":"wp","href":"https:\/\/api.w.org\/{rel}","templated":true}]}}