{"id":106998,"date":"2020-12-12T10:30:00","date_gmt":"2020-12-12T15:30:00","guid":{"rendered":"https:\/\/linitiative.ca\/International\/ankara-rejette-une-decision-europeenne-biaisee-et-illegitime\/"},"modified":"2020-12-12T10:30:00","modified_gmt":"2020-12-12T15:30:00","slug":"ankara-rejette-une-decision-europeenne-biaisee-et-illegitime","status":"publish","type":"post","link":"https:\/\/linitiative.ca\/International\/ankara-rejette-une-decision-europeenne-biaisee-et-illegitime\/","title":{"rendered":"Ankara rejette une d\u00e9cision  europ\u00e9enne \u00abbiais\u00e9e et ill\u00e9gitime\u00bb"},"content":{"rendered":"<p class=\"p1 c4\"><span class=\"c3\"><span class=\"s1 c2\"><strong>Le Temps-Agences-<\/strong><\/span> <strong>Les dirigeants de l&rsquo;UE ont d\u00e9cid\u00e9 de sanctionner les actions \u00ab \u2009ill\u00e9gales et agressives\u2009 \u00bb de la Turquie en M\u00e9diterran\u00e9e contre la Gr\u00e8ce et Chypre.<\/strong><\/span><\/p>\n<p class=\"p1 c5\"><span class=\"c3\">Nouvelle bravade de la Turquie. Le pays a rejet\u00e9, hier vendredi 11 d\u00e9cembre 2020, la d\u00e9cision de l&rsquo;Union europ\u00e9enne (UE) d&rsquo;adopter des sanctions \u00e0 son encontre pour ses activit\u00e9s en M\u00e9diterran\u00e9e orientale, la qualifiant de \u00ab \u2009biais\u00e9e et ill\u00e9gitime\u2009 \u00bb. \u00ab \u2009Nous rejetons cette attitude biais\u00e9e et ill\u00e9gitime figurant dans les conclusions du sommet de l&rsquo;UE\u2009 \u00bb, a d\u00e9clar\u00e9 le minist\u00e8re turc des Affaires \u00e9trang\u00e8res dans un communiqu\u00e9.<\/span><\/p>\n<p class=\"p1 c5\"><span class=\"c3\">Les dirigeants de l&rsquo;Union europ\u00e9enne r\u00e9unis en sommet \u00e0 Bruxelles ont d\u00e9cid\u00e9 jeudi de sanctionner les actions \u00ab \u2009ill\u00e9gales et agressives\u2009 \u00bb de la Turquie en M\u00e9diterran\u00e9e contre la Gr\u00e8ce et Chypre. Le sommet des Vingt-Sept a adopt\u00e9 des sanctions individuelles qui devraient viser des noms impliqu\u00e9s dans les activit\u00e9s d&rsquo;exploration men\u00e9es par la Turquie en M\u00e9diterran\u00e9e orientale. La liste des personnes vis\u00e9es par les sanctions doit \u00eatre \u00e9tablie dans les prochaines semaines.<\/span><\/p>\n<p class=\"p1 c5\"><span class=\"c3\">Plusieurs mois de tensions<\/span><\/p>\n<p class=\"p1 c5\"><span class=\"c3\">Les travaux d&rsquo;exploration gazi\u00e8re men\u00e9s par la Turquie dans des zones maritimes disput\u00e9es avec la Gr\u00e8ce et Chypre \u00e9taient depuis des mois au centre de tensions. La crise entre Ath\u00e8nes et Ankara s&rsquo;est intensifi\u00e9e avec le d\u00e9ploiement en ao\u00fbt par la Turquie du navire de recherche sismique Oru\u00e7 Reis dans des zones maritimes disput\u00e9es.<\/span><\/p>\n<p class=\"p1 c4\">\u00a0<\/p>\n<p class=\"p1 c5\"><span class=\"c3\">Dans un apparent geste d&rsquo;apaisement, Ankara a annonc\u00e9 fin novembre le retour au port de l&rsquo;Oru\u00e7 Reis. Le pr\u00e9sident turc Recep Tayyip Erdogan avait affirm\u00e9 mercredi que d&rsquo;\u00e9ventuelles sanctions de l&rsquo;UE n&rsquo;\u00e9taient pas \u00ab \u2009un grand souci\u2009 \u00bb pour son pays.<\/span><\/p>\n<p>Auteur: letemps1<br \/>\n<a href=\"http:\/\/www.letemps.com.tn\/article\/118454\/ankara-rejette-une-d%C3%A9cision-europ%C3%A9enne-%C2%ABbiais%C3%A9e-et-ill%C3%A9gitime%C2%BB\">Cliquez ici pour lire l&rsquo;article depuis sa source.<\/a><\/p>\n","protected":false},"excerpt":{"rendered":"<p>Le Temps-Agences- Les dirigeants de l&rsquo;UE ont d\u00e9cid\u00e9 de sanctionner les actions \u00ab \u2009ill\u00e9gales et agressives\u2009 \u00bb de la Turquie en M\u00e9diterran\u00e9e contre la Gr\u00e8ce et Chypre. Nouvelle bravade de la Turquie. Le pays a rejet\u00e9, hier vendredi 11 d\u00e9cembre 2020, la d\u00e9cision de l&rsquo;Union europ\u00e9enne (UE) d&rsquo;adopter des sanctions \u00e0 son encontre pour ses [&hellip;]<\/p>\n","protected":false},"author":1773,"featured_media":0,"comment_status":"closed","ping_status":"closed","sticky":false,"template":"","format":"standard","meta":{"fifu_image_url":"","fifu_image_alt":"","footnotes":""},"categories":[73,55],"tags":[],"class_list":["post-106998","post","type-post","status-publish","format-standard","hentry","category-actualite","category-tunisie"],"_links":{"self":[{"href":"https:\/\/linitiative.ca\/International\/wp-json\/wp\/v2\/posts\/106998","targetHints":{"allow":["GET"]}}],"collection":[{"href":"https:\/\/linitiative.ca\/International\/wp-json\/wp\/v2\/posts"}],"about":[{"href":"https:\/\/linitiative.ca\/International\/wp-json\/wp\/v2\/types\/post"}],"author":[{"embeddable":true,"href":"https:\/\/linitiative.ca\/International\/wp-json\/wp\/v2\/users\/1773"}],"replies":[{"embeddable":true,"href":"https:\/\/linitiative.ca\/International\/wp-json\/wp\/v2\/comments?post=106998"}],"version-history":[{"count":0,"href":"https:\/\/linitiative.ca\/International\/wp-json\/wp\/v2\/posts\/106998\/revisions"}],"wp:attachment":[{"href":"https:\/\/linitiative.ca\/International\/wp-json\/wp\/v2\/media?parent=106998"}],"wp:term":[{"taxonomy":"category","embeddable":true,"href":"https:\/\/linitiative.ca\/International\/wp-json\/wp\/v2\/categories?post=106998"},{"taxonomy":"post_tag","embeddable":true,"href":"https:\/\/linitiative.ca\/International\/wp-json\/wp\/v2\/tags?post=106998"}],"curies":[{"name":"wp","href":"https:\/\/api.w.org\/{rel}","templated":true}]}}