{"id":107033,"date":"2020-12-12T04:06:06","date_gmt":"2020-12-12T09:06:06","guid":{"rendered":"https:\/\/linitiative.ca\/International\/11-decembre-2021-ziniare-a-le-flambeau\/"},"modified":"2020-12-12T04:06:06","modified_gmt":"2020-12-12T09:06:06","slug":"11-decembre-2021-ziniare-a-le-flambeau","status":"publish","type":"post","link":"https:\/\/linitiative.ca\/International\/11-decembre-2021-ziniare-a-le-flambeau\/","title":{"rendered":"11-d\u00e9cembre 2021\u00a0: Ziniar\u00e9 a le flambeau"},"content":{"rendered":"<div class=\"td-post-featured-image\"><a href=\"https:\/\/www.sidwaya.info\/wp-content\/uploads\/2020\/12\/1-19.jpg\" data-caption=\"\"><img loading=\"lazy\" decoding=\"async\" width=\"696\" height=\"521\" class=\"entry-thumb td-modal-image\" src=\"https:\/\/www.sidwaya.info\/wp-content\/uploads\/2020\/12\/1-19-696x521.jpg\" srcset=\"https:\/\/www.sidwaya.info\/wp-content\/uploads\/2020\/12\/1-19-696x521.jpg 696w, https:\/\/www.sidwaya.info\/wp-content\/uploads\/2020\/12\/1-19-300x225.jpg 300w, https:\/\/www.sidwaya.info\/wp-content\/uploads\/2020\/12\/1-19-768x575.jpg 768w, https:\/\/www.sidwaya.info\/wp-content\/uploads\/2020\/12\/1-19-150x112.jpg 150w, https:\/\/www.sidwaya.info\/wp-content\/uploads\/2020\/12\/1-19-561x420.jpg 561w, https:\/\/www.sidwaya.info\/wp-content\/uploads\/2020\/12\/1-19-80x60.jpg 80w, https:\/\/www.sidwaya.info\/wp-content\/uploads\/2020\/12\/1-19-265x198.jpg 265w, https:\/\/www.sidwaya.info\/wp-content\/uploads\/2020\/12\/1-19.jpg 900w\" sizes=\"auto, (max-width: 696px) 100vw, 696px\" alt=\"\" title=\"1\"\/><\/a><\/div>\n<p><strong>La gouverneure du Plateau central, Fatoumata Benon, a re\u00e7u le flambeau pour l\u2019organisation du 11-d\u00e9cembre 2021 \u00e0 Ziniar\u00e9, le vendredi 11 decembre, en d\u00e9but de soir\u00e9e \u00e0 Banfora.<\/strong><\/p>\n<p>La r\u00e9gion des Cascades a pass\u00e9 le t\u00e9moin \u00e0 celle du Plateau central pour la c\u00e9l\u00e9bration de la f\u00eate de l\u2019Ind\u00e9pendance en 2021.<\/p>\n<p>\u00ab\u00a0<em>Je re\u00e7ois le drapeau symbole de l\u2019unit\u00e9 nationale entre les filles et fils du Burkina Faso. Je le re\u00e7ois avec plaisir<\/em>\u00a0\u00bb, s\u2019est r\u00e9jouie la gouverneure du Plateau central, Fatoumata Benon qui a re\u00e7u le flambeau, ce vendredi soir.<\/p>\n<p>Arriv\u00e9e cet apr\u00e8s-midi \u00e0 Banfora, elle est accompagn\u00e9e des forces vives de la r\u00e9gion.<\/p>\n<p>Le ministre de l\u2019Administration territoriale, de la D\u00e9centralisation et de la Coh\u00e9sion sociale, Sim\u00e9on Sawadogo a salu\u00e9 la forte mobilisation des fils et filles du Plateau central. Elle d\u00e9montre, selon lui, de leur engagement \u00e0 offrir des festivit\u00e9s \u00ab\u00a0jamais vu\u00a0\u00bb.<\/p>\n<p>Selon nos informations, le flambeau sera accueilli dans une faveur populaire, samedi 12 d\u00e9cembre, dans la r\u00e9gion. Il est aussi pr\u00e9vu un e nuit du flambeau dans la ville de Ziniar\u00e9, dans la soir\u00e9e. Ensuite, les autorit\u00e9s r\u00e9gionales et les forces vives pr\u00e9senteront le flambeau dans les deux autres provinces (Kourw\u00e9ogo et Ganzourgou) de la r\u00e9gion.<\/p>\n<p>D.S.<\/p>\n<div class=\"td-a-rec td-a-rec-id-content_bottom tdi_32_ddc td_block_template_1\"><img loading=\"lazy\" decoding=\"async\" class=\"aligncenter size-full wp-image-27454\" src=\"https:\/\/www.sidwaya.info\/wp-content\/uploads\/2020\/10\/PUB-Bandeau-paiement-mobile-siteweb.jpg\" alt=\"\" width=\"728\" height=\"90\"\/><\/div>\n<p>Auteur: BS. Sidwaya<br \/>\n<a href=\"https:\/\/www.sidwaya.info\/blog\/2020\/12\/12\/11-decembre-2021-ziniare-a-le-flambeau\/\">Cliquez ici pour lire l&rsquo;article depuis sa source.<\/a><\/p>\n","protected":false},"excerpt":{"rendered":"<p>La gouverneure du Plateau central, Fatoumata Benon, a re\u00e7u le flambeau pour l\u2019organisation du 11-d\u00e9cembre 2021 \u00e0 Ziniar\u00e9, le vendredi 11 decembre, en d\u00e9but de soir\u00e9e \u00e0 Banfora. La r\u00e9gion des Cascades a pass\u00e9 le t\u00e9moin \u00e0 celle du Plateau central pour la c\u00e9l\u00e9bration de la f\u00eate de l\u2019Ind\u00e9pendance en 2021. \u00ab\u00a0Je re\u00e7ois le drapeau [&hellip;]<\/p>\n","protected":false},"author":1816,"featured_media":0,"comment_status":"closed","ping_status":"closed","sticky":false,"template":"","format":"standard","meta":{"fifu_image_url":"https:\/\/www.sidwaya.info\/wp-content\/uploads\/2020\/12\/1-19-696x521.jpg","fifu_image_alt":"11-d\u00e9cembre 2021\u00a0: Ziniar\u00e9 a le flambeau","footnotes":""},"categories":[73,81],"tags":[],"class_list":["post-107033","post","type-post","status-publish","format-standard","hentry","category-actualite","category-burkina-faso"],"_links":{"self":[{"href":"https:\/\/linitiative.ca\/International\/wp-json\/wp\/v2\/posts\/107033","targetHints":{"allow":["GET"]}}],"collection":[{"href":"https:\/\/linitiative.ca\/International\/wp-json\/wp\/v2\/posts"}],"about":[{"href":"https:\/\/linitiative.ca\/International\/wp-json\/wp\/v2\/types\/post"}],"author":[{"embeddable":true,"href":"https:\/\/linitiative.ca\/International\/wp-json\/wp\/v2\/users\/1816"}],"replies":[{"embeddable":true,"href":"https:\/\/linitiative.ca\/International\/wp-json\/wp\/v2\/comments?post=107033"}],"version-history":[{"count":0,"href":"https:\/\/linitiative.ca\/International\/wp-json\/wp\/v2\/posts\/107033\/revisions"}],"wp:attachment":[{"href":"https:\/\/linitiative.ca\/International\/wp-json\/wp\/v2\/media?parent=107033"}],"wp:term":[{"taxonomy":"category","embeddable":true,"href":"https:\/\/linitiative.ca\/International\/wp-json\/wp\/v2\/categories?post=107033"},{"taxonomy":"post_tag","embeddable":true,"href":"https:\/\/linitiative.ca\/International\/wp-json\/wp\/v2\/tags?post=107033"}],"curies":[{"name":"wp","href":"https:\/\/api.w.org\/{rel}","templated":true}]}}