{"id":107034,"date":"2020-12-12T04:10:22","date_gmt":"2020-12-12T09:10:22","guid":{"rendered":"https:\/\/linitiative.ca\/International\/11-decembre-au-centre-nord-73-personnalites-magnifiees\/"},"modified":"2020-12-12T04:10:22","modified_gmt":"2020-12-12T09:10:22","slug":"11-decembre-au-centre-nord-73-personnalites-magnifiees","status":"publish","type":"post","link":"https:\/\/linitiative.ca\/International\/11-decembre-au-centre-nord-73-personnalites-magnifiees\/","title":{"rendered":"11-D\u00e9cembre au Centre-Nord :73 personnalit\u00e9s magnifi\u00e9es"},"content":{"rendered":"<div class=\"td-post-featured-image\"><a href=\"https:\/\/www.sidwaya.info\/wp-content\/uploads\/2020\/12\/1-20.jpg\" data-caption=\"\"><img loading=\"lazy\" decoding=\"async\" width=\"696\" height=\"522\" class=\"entry-thumb td-modal-image\" src=\"https:\/\/www.sidwaya.info\/wp-content\/uploads\/2020\/12\/1-20-696x522.jpg\" srcset=\"https:\/\/www.sidwaya.info\/wp-content\/uploads\/2020\/12\/1-20-696x522.jpg 696w, https:\/\/www.sidwaya.info\/wp-content\/uploads\/2020\/12\/1-20-300x225.jpg 300w, https:\/\/www.sidwaya.info\/wp-content\/uploads\/2020\/12\/1-20-768x576.jpg 768w, https:\/\/www.sidwaya.info\/wp-content\/uploads\/2020\/12\/1-20-150x113.jpg 150w, https:\/\/www.sidwaya.info\/wp-content\/uploads\/2020\/12\/1-20-560x420.jpg 560w, https:\/\/www.sidwaya.info\/wp-content\/uploads\/2020\/12\/1-20-80x60.jpg 80w, https:\/\/www.sidwaya.info\/wp-content\/uploads\/2020\/12\/1-20-265x198.jpg 265w, https:\/\/www.sidwaya.info\/wp-content\/uploads\/2020\/12\/1-20.jpg 900w\" sizes=\"auto, (max-width: 696px) 100vw, 696px\" alt=\"\" title=\"1\"\/><\/a><\/div>\n<p><strong>Les populations de la r\u00e9gion du Centre-Nord ont c\u00e9l\u00e9br\u00e9 le 60 <sup>e<\/sup> anniversaire de l\u2019accession du Burkina Faso \u00e0 la souverainet\u00e9 nationale et internationale, le vendredi 11 d\u00e9cembre 2020, \u00e0 la place de d\u00e9fil\u00e9 de Kaya.<\/strong><\/p>\n<p>Pour leur d\u00e9vouement et engagement \u00e0 servir la Nation burkinab\u00e8, des personnalit\u00e9s physiques et morales de la r\u00e9gion du Centre-Nord ont \u00e9t\u00e9 distingu\u00e9es lors du 60<sup>e<\/sup> anniversaire de l\u2019ind\u00e9pendance du Burkina Faso. Il s\u2019agit de 73 r\u00e9cipiendaires dont 12 de l\u2019ordre de l\u2019Etalon (1 officier et 11 chevaliers), 27 de l\u2019ordre de m\u00e9rite burkinab\u00e8 (1 officier et 26 chevaliers), 8 de l\u2019ordre sp\u00e9cifique et 26 de l\u2019ordre d\u2019honneur des collectivit\u00e9s locales. Le c\u00e9r\u00e9monial a \u00e9t\u00e9 marqu\u00e9 par un d\u00e9fil\u00e9 de 206 Forces de d\u00e9fense et de s\u00e9curit\u00e9 (FDS). Dans son intervention, le gouverneur de la r\u00e9gion du Centre-Nord, Casimir S\u00e9gu\u00e9da, a rendu hommage aux victimes des attaques terroristes, notamment le maire de Pensa, Souleymane Zabr\u00e9, assassin\u00e9 le 6 juillet 2020, avant de souhaiter prompt r\u00e9tablissement aux bless\u00e9s des attaques des forces du mal. Il a aussi salu\u00e9 la r\u00e9silience des populations malgr\u00e9 la crise humanitaire et s\u00e9curitaire que connait sa r\u00e9gion. <em>\u00abCette crise n\u2019a pas entam\u00e9 la d\u00e9termination des laborieuses populations \u00e0 relever avec succ\u00e8s les d\u00e9fis du d\u00e9veloppement \u00e9conomique et social du Centre-Nord\u00bb<\/em>, s\u2019est-il r\u00e9joui. Casimir S\u00e9gu\u00e9da s\u2019est dit satisfait des actions men\u00e9es dans sa r\u00e9gion au cours de l\u2019ann\u00e9e 2020. Parmi ces activit\u00e9s, il a retenu, entre autres, l\u2019organisation de la Journ\u00e9e de plaidoyer pour le retour \u00e0 l\u2019\u00e9cole des enfants du Centre-Nord, victimes du terrorisme et de la Journ\u00e9e mondiale de lutte contre le SIDA tenue \u00e0 Boulsa, la formation des acteurs sur la coh\u00e9sion sociale, la pr\u00e9vention et la r\u00e9solution des conflits et la tenue avec succ\u00e8s et dans la paix des \u00e9lections coupl\u00e9es du 22 novembre dernier.\u00a0 De ce fait, le gouverneur S\u00e9gu\u00e9da a exprim\u00e9 sa gratitude \u00e0 l\u2019endroit des FDS pour leur professionnalisme. La plupart des r\u00e9cipiendaires ont manifest\u00e9 leur joie. C\u2019est le cas de l\u2019Instituteur certifi\u00e9 (IC), Sayouba Kargougou totalisant 26 ans de service. <em>\u00abCela est plus qu\u2019un honneur. C\u2019est \u00e9galement une invite \u00e0 travailler davantage pour m\u00e9riter cette consid\u00e9ration\u00bb,<\/em> a-t-il d\u00e9clar\u00e9. Il a invit\u00e9 ceux qui n\u2019ont pas encore vu leur m\u00e9rite r\u00e9compens\u00e9 \u00e0 la pers\u00e9v\u00e9rance et au travail pour le d\u00e9veloppement du pays des hommes int\u00e8gres. \u00a0Pour le chef de canton du Sanmatenga, le Naaba Koom, il s\u2019agit d\u2019un sentiment de satisfaction. <em>\u00abIl s\u2019agit aussi d\u2019un appel \u00e0 redoubler d\u2019efforts dans nos activit\u00e9s pour le d\u00e9veloppement du Burkina Faso\u00bb,<\/em> a-t-il ajout\u00e9.<\/p>\n<p><strong>Emil Abdoul Razak SEGDA<\/strong><\/p>\n<p><strong>Segda9emil@gmail.comm<\/strong><\/p>\n<div class=\"td-a-rec td-a-rec-id-content_bottom tdi_32_0cd td_block_template_1\"><img loading=\"lazy\" decoding=\"async\" class=\"aligncenter size-full wp-image-27454\" src=\"https:\/\/www.sidwaya.info\/wp-content\/uploads\/2020\/10\/PUB-Bandeau-paiement-mobile-siteweb.jpg\" alt=\"\" width=\"728\" height=\"90\"\/><\/div>\n<p>Auteur: BS. Sidwaya<br \/>\n<a href=\"https:\/\/www.sidwaya.info\/blog\/2020\/12\/12\/11-decembre-au-centre-nord-73-personnalites-magnifiees\/\">Cliquez ici pour lire l&rsquo;article depuis sa source.<\/a><\/p>\n","protected":false},"excerpt":{"rendered":"<p>Les populations de la r\u00e9gion du Centre-Nord ont c\u00e9l\u00e9br\u00e9 le 60 e anniversaire de l\u2019accession du Burkina Faso \u00e0 la souverainet\u00e9 nationale et internationale, le vendredi 11 d\u00e9cembre 2020, \u00e0 la place de d\u00e9fil\u00e9 de Kaya. Pour leur d\u00e9vouement et engagement \u00e0 servir la Nation burkinab\u00e8, des personnalit\u00e9s physiques et morales de la r\u00e9gion du [&hellip;]<\/p>\n","protected":false},"author":1816,"featured_media":0,"comment_status":"closed","ping_status":"closed","sticky":false,"template":"","format":"standard","meta":{"fifu_image_url":"https:\/\/www.sidwaya.info\/wp-content\/uploads\/2020\/12\/1-20-696x522.jpg","fifu_image_alt":"11-D\u00e9cembre au Centre-Nord :73 personnalit\u00e9s magnifi\u00e9es","footnotes":""},"categories":[73,81],"tags":[],"class_list":["post-107034","post","type-post","status-publish","format-standard","hentry","category-actualite","category-burkina-faso"],"_links":{"self":[{"href":"https:\/\/linitiative.ca\/International\/wp-json\/wp\/v2\/posts\/107034","targetHints":{"allow":["GET"]}}],"collection":[{"href":"https:\/\/linitiative.ca\/International\/wp-json\/wp\/v2\/posts"}],"about":[{"href":"https:\/\/linitiative.ca\/International\/wp-json\/wp\/v2\/types\/post"}],"author":[{"embeddable":true,"href":"https:\/\/linitiative.ca\/International\/wp-json\/wp\/v2\/users\/1816"}],"replies":[{"embeddable":true,"href":"https:\/\/linitiative.ca\/International\/wp-json\/wp\/v2\/comments?post=107034"}],"version-history":[{"count":0,"href":"https:\/\/linitiative.ca\/International\/wp-json\/wp\/v2\/posts\/107034\/revisions"}],"wp:attachment":[{"href":"https:\/\/linitiative.ca\/International\/wp-json\/wp\/v2\/media?parent=107034"}],"wp:term":[{"taxonomy":"category","embeddable":true,"href":"https:\/\/linitiative.ca\/International\/wp-json\/wp\/v2\/categories?post=107034"},{"taxonomy":"post_tag","embeddable":true,"href":"https:\/\/linitiative.ca\/International\/wp-json\/wp\/v2\/tags?post=107034"}],"curies":[{"name":"wp","href":"https:\/\/api.w.org\/{rel}","templated":true}]}}