{"id":107035,"date":"2020-12-12T04:15:19","date_gmt":"2020-12-12T09:15:19","guid":{"rendered":"https:\/\/linitiative.ca\/International\/fete-de-lindependance-dans-le-centre-sud-un-appel-a-plus-de-collaboration-avec-les-forces-de-defense\/"},"modified":"2020-12-12T04:15:19","modified_gmt":"2020-12-12T09:15:19","slug":"fete-de-lindependance-dans-le-centre-sud-un-appel-a-plus-de-collaboration-avec-les-forces-de-defense","status":"publish","type":"post","link":"https:\/\/linitiative.ca\/International\/fete-de-lindependance-dans-le-centre-sud-un-appel-a-plus-de-collaboration-avec-les-forces-de-defense\/","title":{"rendered":"F\u00eate de l\u2019ind\u00e9pendance dans le Centre-sud:  un appel \u00e0 plus de collaboration avec les forces de d\u00e9fense"},"content":{"rendered":"<div class=\"td-post-featured-image\"><a href=\"https:\/\/www.sidwaya.info\/wp-content\/uploads\/2020\/12\/2-2.jpg\" data-caption=\"\"><img loading=\"lazy\" decoding=\"async\" width=\"696\" height=\"522\" class=\"entry-thumb td-modal-image\" src=\"https:\/\/www.sidwaya.info\/wp-content\/uploads\/2020\/12\/2-2-696x522.jpg\" srcset=\"https:\/\/www.sidwaya.info\/wp-content\/uploads\/2020\/12\/2-2-696x522.jpg 696w, https:\/\/www.sidwaya.info\/wp-content\/uploads\/2020\/12\/2-2-300x225.jpg 300w, https:\/\/www.sidwaya.info\/wp-content\/uploads\/2020\/12\/2-2-768x576.jpg 768w, https:\/\/www.sidwaya.info\/wp-content\/uploads\/2020\/12\/2-2-150x113.jpg 150w, https:\/\/www.sidwaya.info\/wp-content\/uploads\/2020\/12\/2-2-560x420.jpg 560w, https:\/\/www.sidwaya.info\/wp-content\/uploads\/2020\/12\/2-2-80x60.jpg 80w, https:\/\/www.sidwaya.info\/wp-content\/uploads\/2020\/12\/2-2-265x198.jpg 265w, https:\/\/www.sidwaya.info\/wp-content\/uploads\/2020\/12\/2-2.jpg 900w\" sizes=\"auto, (max-width: 696px) 100vw, 696px\" alt=\"\" title=\"2\"\/><\/a><\/div>\n<p><strong>La gouverneure du Centre-sud, Josiane Kabr\u00e9, a pr\u00e9sid\u00e9, le 11 d\u00e9cembre 2020, \u00e0 Manga, la c\u00e9r\u00e9monie comm\u00e9morative r\u00e9gionale du 60<sup>e<\/sup> anniversaire de l\u2019ind\u00e9pendance du Burkina Faso. A l\u2019occasion, elle a invit\u00e9 les populations \u00e0 renforcer la collaboration avec les forces de d\u00e9fense et de s\u00e9curit\u00e9 pour endiguer l\u2019ins\u00e9curit\u00e9 et le terrorisme.\u00a0<\/strong><\/p>\n<p>Face \u00e0 l\u2019ins\u00e9curit\u00e9 devenue une pr\u00e9occupation nationale avec l\u2019av\u00e8nement du terrorisme en 2016, la gouverneure de la r\u00e9gion du Centre-sud, Josiane Kabr\u00e9 pr\u00e9conise l\u2019implication des populations dans l\u2019accompagnement des efforts des Forces de d\u00e9fense et de s\u00e9curit\u00e9 (FDS). En effet, \u00e0 l\u2019occasion de la c\u00e9l\u00e9bration r\u00e9gionale des 60 ans de l\u2019ind\u00e9pendance du Burkina Faso, le 11 d\u00e9cembre 2020, \u00e0 Manga, elle a lanc\u00e9 publiquement cet appel \u00e0 l\u2019endroit des populations. \u00ab\u00a0<em>J\u2019invite l\u2019ensemble de la population \u00e0 faire preuve de vigilance et \u00e0 n\u2019h\u00e9siter sous aucun pr\u00e9texte pour transmettre toute information ou fait insolite \u00e0 nos forces de d\u00e9fense et de s\u00e9curit\u00e9 car la s\u00e9curit\u00e9 dans notre r\u00e9gion d\u00e9pendra de la qualit\u00e9 de notre engagement \u00e0 accompagner les services de s\u00e9curit\u00e9<\/em>\u00a0\u00bb, a d\u00e9clar\u00e9 Josiane Kabr\u00e9. D\u2019apr\u00e8s elle, un tel acte constitue d\u2019ailleurs une action patriotique. Un comportement que le pr\u00e9sident du Faso, Roch Marc Christian Kabor\u00e9, a aussi encourag\u00e9 et appel\u00e9 \u00e0 cultiver davantage, lors de son discours \u00e0 la Nation \u00e0 l\u2019occasion de la comm\u00e9moration du 11 d\u00e9cembre 2020 \u00e0 Gaoua, a-t-elle rappel\u00e9.<\/p>\n<p>A la collaboration avec les FDS, Josiane Kabr\u00e9 a souhait\u00e9 le renforcement de la coh\u00e9sion sociale qui contribue \u00e0 garantir la paix et le vivre-ensemble. Parmi les autres devoirs qui devront aussi constituer des priorit\u00e9s pour tous, selon elle, il y\u2019a l\u2019ardeur au travail et le respect des mesures barri\u00e8res contre la Covid 19 pour sortir le pays du cycle des contaminations.<\/p>\n<p>Au demeurant, Mme Kabr\u00e9 s\u2019est montr\u00e9 admirative du caract\u00e8re \u00ab\u00a0<em>r\u00e9silient<\/em>\u00a0\u00bb des populations du Centre-sud et partant de l\u2019ensemble des burkinab\u00e8 qui ont continu\u00e9 \u00e0 \u0153uvrer pour le d\u00e9veloppement du pays en d\u00e9pit des difficult\u00e9s tout azimut, notamment s\u00e9curitaire et sanitaire. Elle a formul\u00e9 le v\u0153u que la dynamique soit maintenue et que le Burkina Faso connaisse plus de paix et de prosp\u00e9rit\u00e9 pour les c\u00e9l\u00e9brations des ann\u00e9es d\u2019ind\u00e9pendance \u00e0 venir.<\/p>\n<p>Outre le discours de la repr\u00e9sentante r\u00e9gionale du chef de l\u2019Etat, la c\u00e9r\u00e9monie locale de la f\u00eate nationale a \u00e9t\u00e9 marqu\u00e9e par d\u2019autres temps forts dont l\u2019ex\u00e9cution de l\u2019hymne national, la revue des troupes, la d\u00e9coration et le d\u00e9fil\u00e9 civilo-militaire.<\/p>\n<p>La d\u00e9coration, particuli\u00e8rement, a concern\u00e9 50 travailleurs du secteur public et priv\u00e9 officiant dans la r\u00e9gion. Au nombre de ceux-ci, deux ont re\u00e7u la m\u00e9daille de l\u2019Officier de l\u2019ordre de l\u2019\u00e9talon, six la m\u00e9daille de Chevalier de l\u2019\u00e9talon, un la m\u00e9daille de l\u2019officier de m\u00e9rite, 18 la m\u00e9daille de Chevalier de l\u2019ordre de m\u00e9rite, neuf la m\u00e9daille des Ordres sp\u00e9cifiques et 14 la m\u00e9dailles d\u2019honneur des collectivit\u00e9s territoriales.<\/p>\n<p>La 60<sup>e<\/sup> f\u00eate nationale de l\u2019ind\u00e9pendance du Burkina Faso a \u00e9t\u00e9 c\u00e9l\u00e9br\u00e9e, \u00e0 l\u2019\u00e9chelle nationale, sous le th\u00e8me\u00a0: \u00ab\u00a0<em>Coh\u00e9sion nationale et engagement patriotique pour un d\u00e9veloppement durable du Burkina Faso dans un contexte d\u2019ins\u00e9curit\u00e9 et de COVID-19\u00a0<\/em>\u00bb.<\/p>\n<p><strong>Mamady ZANGO<\/strong><\/p>\n<div class=\"td-a-rec td-a-rec-id-content_bottom tdi_32_65f td_block_template_1\"><img loading=\"lazy\" decoding=\"async\" class=\"aligncenter size-full wp-image-27454\" src=\"https:\/\/www.sidwaya.info\/wp-content\/uploads\/2020\/10\/PUB-Bandeau-paiement-mobile-siteweb.jpg\" alt=\"\" width=\"728\" height=\"90\"\/><\/div>\n<p>Auteur: BS. Sidwaya<br \/>\n<a href=\"https:\/\/www.sidwaya.info\/blog\/2020\/12\/12\/ete-de-lindependance-dans-le-centre-sud-un-appel-a-plus-de-collaboration-avec-les-forces-de-defense\/\">Cliquez ici pour lire l&rsquo;article depuis sa source.<\/a><\/p>\n","protected":false},"excerpt":{"rendered":"<p>La gouverneure du Centre-sud, Josiane Kabr\u00e9, a pr\u00e9sid\u00e9, le 11 d\u00e9cembre 2020, \u00e0 Manga, la c\u00e9r\u00e9monie comm\u00e9morative r\u00e9gionale du 60e anniversaire de l\u2019ind\u00e9pendance du Burkina Faso. A l\u2019occasion, elle a invit\u00e9 les populations \u00e0 renforcer la collaboration avec les forces de d\u00e9fense et de s\u00e9curit\u00e9 pour endiguer l\u2019ins\u00e9curit\u00e9 et le terrorisme.\u00a0 Face \u00e0 l\u2019ins\u00e9curit\u00e9 devenue [&hellip;]<\/p>\n","protected":false},"author":1816,"featured_media":0,"comment_status":"closed","ping_status":"closed","sticky":false,"template":"","format":"standard","meta":{"fifu_image_url":"https:\/\/www.sidwaya.info\/wp-content\/uploads\/2020\/12\/2-2-696x522.jpg","fifu_image_alt":"F\u00eate de l\u2019ind\u00e9pendance dans le Centre-sud:  un appel \u00e0 plus de collaboration avec les forces de d\u00e9fense","footnotes":""},"categories":[73,81],"tags":[],"class_list":["post-107035","post","type-post","status-publish","format-standard","hentry","category-actualite","category-burkina-faso"],"_links":{"self":[{"href":"https:\/\/linitiative.ca\/International\/wp-json\/wp\/v2\/posts\/107035","targetHints":{"allow":["GET"]}}],"collection":[{"href":"https:\/\/linitiative.ca\/International\/wp-json\/wp\/v2\/posts"}],"about":[{"href":"https:\/\/linitiative.ca\/International\/wp-json\/wp\/v2\/types\/post"}],"author":[{"embeddable":true,"href":"https:\/\/linitiative.ca\/International\/wp-json\/wp\/v2\/users\/1816"}],"replies":[{"embeddable":true,"href":"https:\/\/linitiative.ca\/International\/wp-json\/wp\/v2\/comments?post=107035"}],"version-history":[{"count":0,"href":"https:\/\/linitiative.ca\/International\/wp-json\/wp\/v2\/posts\/107035\/revisions"}],"wp:attachment":[{"href":"https:\/\/linitiative.ca\/International\/wp-json\/wp\/v2\/media?parent=107035"}],"wp:term":[{"taxonomy":"category","embeddable":true,"href":"https:\/\/linitiative.ca\/International\/wp-json\/wp\/v2\/categories?post=107035"},{"taxonomy":"post_tag","embeddable":true,"href":"https:\/\/linitiative.ca\/International\/wp-json\/wp\/v2\/tags?post=107035"}],"curies":[{"name":"wp","href":"https:\/\/api.w.org\/{rel}","templated":true}]}}