{"id":107044,"date":"2020-12-12T08:54:44","date_gmt":"2020-12-12T13:54:44","guid":{"rendered":"https:\/\/linitiative.ca\/International\/les-credits-octroyes-par-la-bicec-baissent-de-91-en-2020\/"},"modified":"2020-12-12T08:54:44","modified_gmt":"2020-12-12T13:54:44","slug":"les-credits-octroyes-par-la-bicec-baissent-de-91-en-2020","status":"publish","type":"post","link":"https:\/\/linitiative.ca\/International\/les-credits-octroyes-par-la-bicec-baissent-de-91-en-2020\/","title":{"rendered":"Les cr\u00e9dits octroy\u00e9s par la Bicec baissent de 91% en 2020"},"content":{"rendered":"<p>Partager l\u2019actualit\u00e9 au niveau de la Banque Internationale du Cr\u00e9dit et d\u2019Epargne du Cameroun (Bicec), sur les diff\u00e9rents projets qui ont \u00e9t\u00e9 men\u00e9s au cours de l\u2019ann\u00e9e 2020 afin de d\u00e9velopper les relations entre les \u00e9quipes de la BICEC et celle de la Banque Centrale Populaire (BCP) du Maroc, c\u2019est la principale raison qui a conduit le Directeur G\u00e9n\u00e9ral de la BCP du Maroc Kamal Mokdad\u00e0 rencontrer le Ministre des Finances Louis Paul Motaze C\u2019\u00e9tait le lundi 7 d\u00e9cembre 2020 au 5\u00e8me \u00e9tage de son d\u00e9partement minist\u00e9riel en fin d\u2019apr\u00e8s-midi. Au cours de cette rencontre, l\u2019h\u00f4te du ministre des finances a profit\u00e9 pour dresser un bilan peu exhaustif des activit\u00e9s de l\u2019\u00e9tablissement financier au cours de cette ann\u00e9e. \u00ab C\u2019\u00e9tait une ann\u00e9e de transition qui malheureusement a \u00e9t\u00e9 impact\u00e9e par la crise du Covid. Nous sommes tout de m\u00eame fier de ce que nous avons pu accomplir \u00bb a pr\u00e9cis\u00e9 Kamal Mokdad.<\/p>\n<p><strong>Lire aussi<\/strong> : \u00a0<a href=\"https:\/\/ecomatin.net\/la-bicec-augmente-son-capital-de-37-milliards-de-f-cfa\/\">La Bicec augmente son capital de 37 milliards de Fcfa<\/a><\/p>\n<p>Le Directeur G\u00e9n\u00e9ral de la BCP du Maroc r\u00e9v\u00e9lera au passage que la Bicec a octroy\u00e9 pour 120 milliards de FCFA de nouveaux cr\u00e9dits \u00e0 l\u2019\u00e9conomie. Une annonce qui r\u00e9v\u00e8le une baisse exponentielle de cet \u00e9tablissement de cr\u00e9dit, qui en 2019 \u00e9tait leader sur ce segment au Cameroun. Selon les donn\u00e9es contenus dans les rapports sur l\u2019\u00e9volution des taux d\u00e9biteurs pratiqu\u00e9s par les \u00e9tablissements de cr\u00e9dit dans la zone Cemac , publi\u00e9s par la Banque des \u00c9tats de l\u2019Afrique centrale (Beac), le montant total de nouveaux pr\u00eats mis en place par cet \u00e9tablissement de cr\u00e9dit cumulait \u00e0 1578,53 milliards de F CFA, soit 34,32% de l\u2019offre globale des banques au cours de la p\u00e9riode sous-revue. A en croire le chiffre du directeur de la BCP, l\u2019\u00e9tablissement afficherait en 2020, une baisse de 91,4% sur ce segment, soit 1458,53 milliards en valeur absolue.<\/p>\n<p>Pourtant depuis 2017, la banque s\u2019\u00e9tait engag\u00e9e positionn\u00e9e comme le v\u00e9ritable leader en mati\u00e8re de financement des agents \u00e9conomiques dans le pays. Cette ann\u00e9e-l\u00e0, l\u2019encours total de cr\u00e9dits de la Bicec se situait \u00e0 548 milliards de F CFA. Deux ans plus tard, la banque a plus que tripl\u00e9 ce chiffre.<\/p>\n<p><strong>Lire aussi<\/strong> : <a href=\"https:\/\/ecomatin.net\/deux-employes-de-la-bicec-testes-positifs-au-covid-19\/\">Deux employ\u00e9s de la Bicec test\u00e9s positifs au Covid-19<\/a><\/p>\n<p>Aujourd\u2019hui ce repli de nouveaux pr\u00eats ne pourrait \u00eatre dissoci\u00e9 du contexte g\u00e9n\u00e9ral marqu\u00e9 par la pand\u00e9mie du coronavirus, laquelle a suscit\u00e9 chez les banques un sentiment g\u00e9n\u00e9ral de frilosit\u00e9 vis-\u00e0-vis des agents \u00e9conomiques. \u00ab La seule crise du Covid-19 ne saurait expliquer une telle r\u00e9duction du volume des cr\u00e9dits \u00bb, fait remarquer une source cit\u00e9e par le site d\u2019information Investir au Cameroun. \u00ab La r\u00e9cente recapitalisation de la Bicec (plus de 37 milliards de FCFA) est probablement venue sortir la banque d\u2019une ann\u00e9e 2020 bien tumultueuse sur les plans strat\u00e9gique, financier et commercial \u00bb peut-on lire.<\/p>\n<p>Rappelons que Depuis le 1er octobre 2019, la Bicec est officiellement aux mains du groupe bancaire marocain Banque centrale populaire (BCP). Ce dernier avait rachet\u00e9 68,5% du capital de la Banque qui jusqu\u2019ici \u00e9tait filiale du groupe bancaire fran\u00e7ais Banque populaire et Caisse d\u2019\u00e9pargne (Bpce). Gr\u00e2ce \u00e0 cette acquisition des parts majoritaires de la Bicec, le groupe marocain BCP, qui contr\u00f4le d\u00e9j\u00e0 le capital de Banque Atlantique, groupe bancaire qui dispose d\u2019une filiale au Cameroun, renforce ainsi son empreinte dans le secteur bancaire camerounais. Avec une pr\u00e9sence port\u00e9e \u00e0 29 pays dans le monde, dont 15 en Afrique, le groupe BCP est le sixi\u00e8me acteur bancaire du Continent par la taille des fonds propres, et l\u2019une des toutes premi\u00e8res banques africaines en termes de total bilan.<\/p>\n<p><strong>Lire aussi<\/strong> : <a href=\"https:\/\/ecomatin.net\/que-valent-les-procedures-contre-bicec\/\">Que valent les proc\u00e9dures contre la Bicec\u00a0?<\/a><\/p>\n<p>Dans le train des r\u00e9formes \u00e0 mettre \u00e0 l\u2019actif de ce nouvel actionnaire, on note l\u2019augmentation du capital de cet \u00e9tablissement dont le processus est encore pendant. En d\u00e9cembre 2019, la banque camerounaise avait proc\u00e9d\u00e9 \u00e0 une recapitalisation \u00e0 travers l\u2019\u00e9mission de 927 000 nouvelles actions. Si son objectif est atteint, son capital devrait passer de 12 \u00e0 49 millions de FCFA.<\/p>\n<p>Auteur: Cedrick JIONGO<br \/>\n<a href=\"https:\/\/ecomatin.net\/les-credits-octroyes-par-la-bicec-baissent-de-91-en-2020\/\">Cliquez ici pour lire l&rsquo;article depuis sa source.<\/a><\/p>\n","protected":false},"excerpt":{"rendered":"<p>Partager l\u2019actualit\u00e9 au niveau de la Banque Internationale du Cr\u00e9dit et d\u2019Epargne du Cameroun (Bicec), sur les diff\u00e9rents projets qui ont \u00e9t\u00e9 men\u00e9s au cours de l\u2019ann\u00e9e 2020 afin de d\u00e9velopper les relations entre les \u00e9quipes de la BICEC et celle de la Banque Centrale Populaire (BCP) du Maroc, c\u2019est la principale raison qui a [&hellip;]<\/p>\n","protected":false},"author":1969,"featured_media":0,"comment_status":"closed","ping_status":"closed","sticky":false,"template":"","format":"standard","meta":{"fifu_image_url":"","fifu_image_alt":"","footnotes":""},"categories":[82,78],"tags":[],"class_list":["post-107044","post","type-post","status-publish","format-standard","hentry","category-cameroun","category-economie"],"_links":{"self":[{"href":"https:\/\/linitiative.ca\/International\/wp-json\/wp\/v2\/posts\/107044","targetHints":{"allow":["GET"]}}],"collection":[{"href":"https:\/\/linitiative.ca\/International\/wp-json\/wp\/v2\/posts"}],"about":[{"href":"https:\/\/linitiative.ca\/International\/wp-json\/wp\/v2\/types\/post"}],"author":[{"embeddable":true,"href":"https:\/\/linitiative.ca\/International\/wp-json\/wp\/v2\/users\/1969"}],"replies":[{"embeddable":true,"href":"https:\/\/linitiative.ca\/International\/wp-json\/wp\/v2\/comments?post=107044"}],"version-history":[{"count":0,"href":"https:\/\/linitiative.ca\/International\/wp-json\/wp\/v2\/posts\/107044\/revisions"}],"wp:attachment":[{"href":"https:\/\/linitiative.ca\/International\/wp-json\/wp\/v2\/media?parent=107044"}],"wp:term":[{"taxonomy":"category","embeddable":true,"href":"https:\/\/linitiative.ca\/International\/wp-json\/wp\/v2\/categories?post=107044"},{"taxonomy":"post_tag","embeddable":true,"href":"https:\/\/linitiative.ca\/International\/wp-json\/wp\/v2\/tags?post=107044"}],"curies":[{"name":"wp","href":"https:\/\/api.w.org\/{rel}","templated":true}]}}