{"id":107052,"date":"2020-12-13T09:42:00","date_gmt":"2020-12-13T14:42:00","guid":{"rendered":"https:\/\/linitiative.ca\/International\/les-habitants-du-village-fliki-ferment-le-siege-de-lapc-dazazga\/"},"modified":"2020-12-13T09:42:00","modified_gmt":"2020-12-13T14:42:00","slug":"les-habitants-du-village-fliki-ferment-le-siege-de-lapc-dazazga","status":"publish","type":"post","link":"https:\/\/linitiative.ca\/International\/les-habitants-du-village-fliki-ferment-le-siege-de-lapc-dazazga\/","title":{"rendered":"Les habitants du village Fliki ferment le si\u00e8ge de l&rsquo;APC d&rsquo;Azazga"},"content":{"rendered":"<div id=\"originalText\" readability=\"60\">\n<p>Les habitants du village Fliki, dans la commune d\u2019Azazga, \u00e0 Tizi-Ouzou, ont proc\u00e9d\u00e9, ce dimanche, \u00e0 la fermeture du si\u00e8ge de leur APC, afin de r\u00e9clamer leur part du d\u00e9veloppement.<\/p>\n<p>Les manifestants, qui ont observ\u00e9 un rassemblement \u00e0 l\u2019entr\u00e9e principale de l\u2019APC, ont brandi une large banderole sur laquelle il \u00e9tait \u00e9crit \u00ab le village Fliki r\u00e9clame sa part de projets \u00bb.\u00a0<\/p>\n<p>Entre autres revendications, les villageois r\u00e9clament la r\u00e9alisation d\u2019une ligne de gabionnage \u00e0 l\u2019entr\u00e9e du village, la prise en charge d\u2019un affaissement qui menace une partie du village, la r\u00e9fection du r\u00e9seau d\u2019assainissement, le remplacement de la conduite d\u2019eau potable, la r\u00e9alisation d\u2019une aire de jeu ainsi que l\u2019extension du r\u00e9seau \u00e9lectrique.<\/p>\n<p>Aussi l\u2019am\u00e9nagement de l\u2019\u00e9cole primaire et du foyer de jeunes ainsi que la r\u00e9paration de l\u2019\u00e9clairage public.<br \/>\u00a0<\/p>\n<p class=\"c6\"><strong>K.Tighilt pour R\u00e9daction Web<\/strong><\/p>\n<\/div>\n<div id=\"text_core\" readability=\"60\">\n<p>Les habitants du village Fliki, dans la commune d\u2019Azazga, \u00e0 Tizi-Ouzou, ont proc\u00e9d\u00e9, ce dimanche, \u00e0 la fermeture du si\u00e8ge de leur APC, afin de r\u00e9clamer leur part du d\u00e9veloppement.<\/p>\n<p>Les manifestants, qui ont observ\u00e9 un rassemblement \u00e0 l\u2019entr\u00e9e principale de l\u2019APC, ont brandi une large banderole sur laquelle il \u00e9tait \u00e9crit \u00ab le village Fliki r\u00e9clame sa part de projets \u00bb.\u00a0<\/p>\n<p>Entre autres revendications, les villageois r\u00e9clament la r\u00e9alisation d\u2019une ligne de gabionnage \u00e0 l\u2019entr\u00e9e du village, la prise en charge d\u2019un affaissement qui menace une partie du village, la r\u00e9fection du r\u00e9seau d\u2019assainissement, le remplacement de la conduite d\u2019eau potable, la r\u00e9alisation d\u2019une aire de jeu ainsi que l\u2019extension du r\u00e9seau \u00e9lectrique.<\/p>\n<p>Aussi l\u2019am\u00e9nagement de l\u2019\u00e9cole primaire et du foyer de jeunes ainsi que la r\u00e9paration de l\u2019\u00e9clairage public.<br \/>\u00a0<\/p>\n<p class=\"c6\"><strong>K.Tighilt pour R\u00e9daction Web<\/strong><\/p>\n<\/div>\n<p>Auteur:<br \/>\n<a href=\"https:\/\/www.liberte-algerie.com\/actualite\/les-habitants-du-village-fliki-ferment-le-siege-de-lapc-dazazga-350626\">Cliquez ici pour lire l&rsquo;article depuis sa source.<\/a><\/p>\n","protected":false},"excerpt":{"rendered":"<p>Les habitants du village Fliki, dans la commune d\u2019Azazga, \u00e0 Tizi-Ouzou, ont proc\u00e9d\u00e9, ce dimanche, \u00e0 la fermeture du si\u00e8ge de leur APC, afin de r\u00e9clamer leur part du d\u00e9veloppement. Les manifestants, qui ont observ\u00e9 un rassemblement \u00e0 l\u2019entr\u00e9e principale de l\u2019APC, ont brandi une large banderole sur laquelle il \u00e9tait \u00e9crit \u00ab le village [&hellip;]<\/p>\n","protected":false},"author":1742,"featured_media":0,"comment_status":"closed","ping_status":"closed","sticky":false,"template":"","format":"standard","meta":{"fifu_image_url":"","fifu_image_alt":"","footnotes":""},"categories":[73,53],"tags":[],"class_list":["post-107052","post","type-post","status-publish","format-standard","hentry","category-actualite","category-algerie"],"_links":{"self":[{"href":"https:\/\/linitiative.ca\/International\/wp-json\/wp\/v2\/posts\/107052","targetHints":{"allow":["GET"]}}],"collection":[{"href":"https:\/\/linitiative.ca\/International\/wp-json\/wp\/v2\/posts"}],"about":[{"href":"https:\/\/linitiative.ca\/International\/wp-json\/wp\/v2\/types\/post"}],"author":[{"embeddable":true,"href":"https:\/\/linitiative.ca\/International\/wp-json\/wp\/v2\/users\/1742"}],"replies":[{"embeddable":true,"href":"https:\/\/linitiative.ca\/International\/wp-json\/wp\/v2\/comments?post=107052"}],"version-history":[{"count":0,"href":"https:\/\/linitiative.ca\/International\/wp-json\/wp\/v2\/posts\/107052\/revisions"}],"wp:attachment":[{"href":"https:\/\/linitiative.ca\/International\/wp-json\/wp\/v2\/media?parent=107052"}],"wp:term":[{"taxonomy":"category","embeddable":true,"href":"https:\/\/linitiative.ca\/International\/wp-json\/wp\/v2\/categories?post=107052"},{"taxonomy":"post_tag","embeddable":true,"href":"https:\/\/linitiative.ca\/International\/wp-json\/wp\/v2\/tags?post=107052"}],"curies":[{"name":"wp","href":"https:\/\/api.w.org\/{rel}","templated":true}]}}