{"id":107058,"date":"2020-12-12T16:51:26","date_gmt":"2020-12-12T21:51:26","guid":{"rendered":"https:\/\/linitiative.ca\/International\/marrakech-rend-hommage-a-plusieurs-figures-sportives-locales\/"},"modified":"2020-12-12T16:51:26","modified_gmt":"2020-12-12T21:51:26","slug":"marrakech-rend-hommage-a-plusieurs-figures-sportives-locales","status":"publish","type":"post","link":"https:\/\/linitiative.ca\/International\/marrakech-rend-hommage-a-plusieurs-figures-sportives-locales\/","title":{"rendered":"Marrakech rend hommage \u00e0 plusieurs figures sportives locales"},"content":{"rendered":"<div class=\"single-featured\"><img alt=\"\" data-src=\"http:\/\/www.mapmarrakech.ma\/map\/uploads\/2020\/12\/hommage-copier.jpg\"\/><\/div>\n<div class=\"single-post-excerpt post-excerpt-bc\" readability=\"37\">\n<p>Marrakech \u2013 Le Comit\u00e9 directeur de l\u2019association Kawkab Athletic Club de Marrakech (KACM)-omnisports a organis\u00e9 vendredi soir, une c\u00e9r\u00e9monie sous le signe \u00ab\u00a0Le Sahara est marocain\u00a0\u00bb au cours de laquelle, un vibrant hommage a \u00e9t\u00e9 rendu \u00e0 plusieurs figures sportives locales ayant brill\u00e9 de mille feux dans plusieurs disciplines.<\/p>\n<\/div>\n<div class=\"entry-content clearfix single-post-content\" readability=\"64\">\n<p>Cette c\u00e9r\u00e9monie en hommage aux sportifs locaux, qui s\u2019inscrit dans le cadre du programme annuel de l\u2019association, se veut un moment de reconnaissance et de gratitude pour leurs efforts consentis et leur engagement en faveur du rayonnement de la pratique sportive aux niveaux national et local.<\/p>\n<p>Parmi les personnalit\u00e9s sportives honor\u00e9es lors de cet \u00e9v\u00e9nement, figurent le joueur international de handball, Abdelali Benhajji, l\u2019arbitre international de football, Hicham Tiyazi, l\u2019entraineur international de jeu d\u2019\u00e9checs, Hassan El Merzougui Abdou, l\u2019athl\u00e8te Abdelati El Guesse et le cycliste marocain m\u00e9daill\u00e9 d\u2019or dans le Championnat arabe de cyclisme (Le Caire 2020), Achraf ED-Doghmi.<\/p>\n<p>Cette soir\u00e9e a \u00e9t\u00e9 aussi ponctu\u00e9e de la signature d\u2019une convention de partenariat entre le comit\u00e9 directeur du KACM-omnisports et le KACM, section basketball ainsi que par le renouv\u00e8lement de la convention de partenariat avec l\u2019Association marocaine de la presse sportive (AMPS), section Marrakech.<\/p>\n<p>Cette rencontre, qui s\u2019est d\u00e9roul\u00e9e dans le respect strict des mesures pr\u00e9ventives visant \u00e0 enrayer la propagation de la Covid-19, a \u00e9t\u00e9 rehauss\u00e9e par la pr\u00e9sence de grandes figures des mondes du sport, de l\u2019art, de la presse et des m\u00e9dias.<\/p>\n<\/div>\n<p>Auteur: Meriem IGASS<br \/>\n<a href=\"http:\/\/www.mapmarrakech.ma\/fr\/marrakech-rend-hommage-a-plusieurs-figures-sportives-locales\/\">Cliquez ici pour lire l&rsquo;article depuis sa source.<\/a><\/p>\n","protected":false},"excerpt":{"rendered":"<p>Marrakech \u2013 Le Comit\u00e9 directeur de l\u2019association Kawkab Athletic Club de Marrakech (KACM)-omnisports a organis\u00e9 vendredi soir, une c\u00e9r\u00e9monie sous le signe \u00ab\u00a0Le Sahara est marocain\u00a0\u00bb au cours de laquelle, un vibrant hommage a \u00e9t\u00e9 rendu \u00e0 plusieurs figures sportives locales ayant brill\u00e9 de mille feux dans plusieurs disciplines. Cette c\u00e9r\u00e9monie en hommage aux sportifs [&hellip;]<\/p>\n","protected":false},"author":1788,"featured_media":0,"comment_status":"closed","ping_status":"closed","sticky":false,"template":"","format":"standard","meta":{"fifu_image_url":"http:\/\/www.mapmarrakech.ma\/map\/uploads\/2020\/12\/hommage-copier.jpg","fifu_image_alt":"Marrakech rend hommage \u00e0 plusieurs figures sportives locales","footnotes":""},"categories":[54,76],"tags":[],"class_list":["post-107058","post","type-post","status-publish","format-standard","hentry","category-maroc","category-regions"],"_links":{"self":[{"href":"https:\/\/linitiative.ca\/International\/wp-json\/wp\/v2\/posts\/107058","targetHints":{"allow":["GET"]}}],"collection":[{"href":"https:\/\/linitiative.ca\/International\/wp-json\/wp\/v2\/posts"}],"about":[{"href":"https:\/\/linitiative.ca\/International\/wp-json\/wp\/v2\/types\/post"}],"author":[{"embeddable":true,"href":"https:\/\/linitiative.ca\/International\/wp-json\/wp\/v2\/users\/1788"}],"replies":[{"embeddable":true,"href":"https:\/\/linitiative.ca\/International\/wp-json\/wp\/v2\/comments?post=107058"}],"version-history":[{"count":0,"href":"https:\/\/linitiative.ca\/International\/wp-json\/wp\/v2\/posts\/107058\/revisions"}],"wp:attachment":[{"href":"https:\/\/linitiative.ca\/International\/wp-json\/wp\/v2\/media?parent=107058"}],"wp:term":[{"taxonomy":"category","embeddable":true,"href":"https:\/\/linitiative.ca\/International\/wp-json\/wp\/v2\/categories?post=107058"},{"taxonomy":"post_tag","embeddable":true,"href":"https:\/\/linitiative.ca\/International\/wp-json\/wp\/v2\/tags?post=107058"}],"curies":[{"name":"wp","href":"https:\/\/api.w.org\/{rel}","templated":true}]}}