{"id":107069,"date":"2020-12-13T15:14:36","date_gmt":"2020-12-13T20:14:36","guid":{"rendered":"https:\/\/linitiative.ca\/International\/pros-milan-ac-face-a-parme-bennacer-retrouve-sa-place-dans-le-onze-de-depart\/"},"modified":"2020-12-13T15:14:36","modified_gmt":"2020-12-13T20:14:36","slug":"pros-milan-ac-face-a-parme-bennacer-retrouve-sa-place-dans-le-onze-de-depart","status":"publish","type":"post","link":"https:\/\/linitiative.ca\/International\/pros-milan-ac-face-a-parme-bennacer-retrouve-sa-place-dans-le-onze-de-depart\/","title":{"rendered":"Pros : Milan AC : Face \u00e0 Parme, Bennacer retrouve sa place dans le onze de d\u00e9part"},"content":{"rendered":"<div readability=\"32\">\n<p>Auteur : <span class=\"time\">dimanche 13 d\u00e9cembre 2020 20:03<\/span><\/p>\n<\/div>\n<div id=\"post_core\" readability=\"52\">\n<p>En effet, Stefano Pioli a d\u00e9cid\u00e9 de lancer Bennacer d&rsquo;entr\u00e9e pour ce match de la 11e journ\u00e9e face \u00e0 Parme (20h45). Voici les compositions d&rsquo;\u00e9quipes pour cette rencontre :<\/p>\n<p><strong>Milan AC :<\/strong> Donnarumma; Calabria, Gabbia, Romagnoli, Hern\u00e1ndez; Kessie, Bennacer; Castillejo, Brahim Diaz, Calhanoglu; Rebic.<\/p>\n<p><strong>Parme :<\/strong> Sepe; Iacoponi, Osorio, Bruno Alves, Gagliolo; Hernani, Brugman, Kurtic; Karamoh, Gervinho; Cornelius.<\/p>\n<p><strong>Publi\u00e9 dans :<\/strong> <span>Milan AC<\/span><\/p>\n<\/div>\n<p>Auteur:<br \/>\n<a href=\"http:\/\/www.lebuteur.com\/article\/detail?titre=milan-ac-face-a-parme-bennacer-retrouve-sa-place-dans-le-onze-de-depart&#038;id=98338&#038;utm_source=feedburner&#038;utm_medium=feed&#038;utm_campaign=Feed%3A+GalerieFArtciles+%28Les+derniers+articles++-+lebuteur.com%29\">Cliquez ici pour lire l&rsquo;article depuis sa source.<\/a><\/p>\n","protected":false},"excerpt":{"rendered":"<p>Auteur : dimanche 13 d\u00e9cembre 2020 20:03 En effet, Stefano Pioli a d\u00e9cid\u00e9 de lancer Bennacer d&rsquo;entr\u00e9e pour ce match de la 11e journ\u00e9e face \u00e0 Parme (20h45). Voici les compositions d&rsquo;\u00e9quipes pour cette rencontre : Milan AC : Donnarumma; Calabria, Gabbia, Romagnoli, Hern\u00e1ndez; Kessie, Bennacer; Castillejo, Brahim Diaz, Calhanoglu; Rebic. Parme : Sepe; Iacoponi, [&hellip;]<\/p>\n","protected":false},"author":1738,"featured_media":0,"comment_status":"closed","ping_status":"closed","sticky":false,"template":"","format":"standard","meta":{"fifu_image_url":"\/\/cdn.lebuteur.com\/data\/images\/article\/thumbs\/large-milan-ac-face-a-parme-bennacer-retrouve-sa-place-dans-le-onze-de-depart-8e913.jpg","fifu_image_alt":"Pros : Milan AC : Face \u00e0 Parme, Bennacer retrouve sa place dans le onze de d\u00e9part","footnotes":""},"categories":[53,75],"tags":[],"class_list":["post-107069","post","type-post","status-publish","format-standard","hentry","category-algerie","category-sport"],"_links":{"self":[{"href":"https:\/\/linitiative.ca\/International\/wp-json\/wp\/v2\/posts\/107069","targetHints":{"allow":["GET"]}}],"collection":[{"href":"https:\/\/linitiative.ca\/International\/wp-json\/wp\/v2\/posts"}],"about":[{"href":"https:\/\/linitiative.ca\/International\/wp-json\/wp\/v2\/types\/post"}],"author":[{"embeddable":true,"href":"https:\/\/linitiative.ca\/International\/wp-json\/wp\/v2\/users\/1738"}],"replies":[{"embeddable":true,"href":"https:\/\/linitiative.ca\/International\/wp-json\/wp\/v2\/comments?post=107069"}],"version-history":[{"count":0,"href":"https:\/\/linitiative.ca\/International\/wp-json\/wp\/v2\/posts\/107069\/revisions"}],"wp:attachment":[{"href":"https:\/\/linitiative.ca\/International\/wp-json\/wp\/v2\/media?parent=107069"}],"wp:term":[{"taxonomy":"category","embeddable":true,"href":"https:\/\/linitiative.ca\/International\/wp-json\/wp\/v2\/categories?post=107069"},{"taxonomy":"post_tag","embeddable":true,"href":"https:\/\/linitiative.ca\/International\/wp-json\/wp\/v2\/tags?post=107069"}],"curies":[{"name":"wp","href":"https:\/\/api.w.org\/{rel}","templated":true}]}}