{"id":107079,"date":"2020-12-13T09:34:00","date_gmt":"2020-12-13T14:34:00","guid":{"rendered":"https:\/\/linitiative.ca\/International\/sidi-bel-abbes-des-citoyens-ferment-la-mairie-de-tefessour\/"},"modified":"2020-12-13T09:34:00","modified_gmt":"2020-12-13T14:34:00","slug":"sidi-bel-abbes-des-citoyens-ferment-la-mairie-de-tefessour","status":"publish","type":"post","link":"https:\/\/linitiative.ca\/International\/sidi-bel-abbes-des-citoyens-ferment-la-mairie-de-tefessour\/","title":{"rendered":"SIDI BEL-ABBES : Des citoyens ferment la mairie de T\u00e9fessour"},"content":{"rendered":"<p><br id=\"sep_para_1\" class=\"sep_para access\"\/><\/p>\n<div id=\"para_1\" class=\"para_39913253 resize\">\n<div class=\"texte access firstletter\">En ce premier jour de la 3\u00e8me semaine de d\u00e9cembre 2020, les \u00e9lus locaux et autres agents de l&rsquo;administration de l&rsquo;APC de\u00a0 T\u00e9fessour, da\u00efra de M\u00e9rine, 100 km au sud-est\u00a0 de Sidi Bel Abb\u00e8s ont \u00e9t\u00e9 interdits d&rsquo;acc\u00e8s \u00e0 la mairie, apprend-on d\u2019une source fiable.\u00a0 Et pour cause, des citoyens m\u00e9contents ont proc\u00e9d\u00e9 t\u00f4t le matin \u00e0 la fermeture pure et simple de son si\u00e8ge exigeant aux premiers responsables et \u00e9lus locaux de donner satisfaction \u00e0 leurs revendications dont: la distribution des 40 logements r\u00e9alis\u00e9s pourtant depuis pr\u00e8s de 10 ans ; une ambulance m\u00e9dicalis\u00e9e au profit du centre de soins ,en remplacement \u00e0 celle qui serait en panne depuis longtemps ; la couverture du r\u00e9seau Mobilis dont le mat\u00e9riel et notamment l&rsquo;antenne sont pourtant pos\u00e9s sur la toiture de l&rsquo;APC.\u00a0 Certains habitants et membres de la soci\u00e9t\u00e9 civile, diront qu&rsquo;ils ont \u00e9t\u00e9 contraints de recourir \u00e0 cette action regrettable pour avoir \u00e9t\u00e9, de tout temps, arros\u00e9s par les promesses mensong\u00e8res et les beaux discours des \u00e9lus. Le chef de la da\u00efra et ses proches collaborateurs se sont rendus sur les lieux dans le but d&rsquo;apaiser les esprits r\u00e9chauff\u00e9s et prier les protestataires de revenir \u00e0 la raison.<\/div>\n<\/div>\n<p>Auteur: Noui Moussa<br \/>\n<a href=\"https:\/\/www.reflexiondz.net\/SIDI-BEL-ABBES-Des-citoyens-ferment-la-mairie-de-Tefessour_a66680.html\">Cliquez ici pour lire l&rsquo;article depuis sa source.<\/a><\/p>\n","protected":false},"excerpt":{"rendered":"<p>En ce premier jour de la 3\u00e8me semaine de d\u00e9cembre 2020, les \u00e9lus locaux et autres agents de l&rsquo;administration de l&rsquo;APC de\u00a0 T\u00e9fessour, da\u00efra de M\u00e9rine, 100 km au sud-est\u00a0 de Sidi Bel Abb\u00e8s ont \u00e9t\u00e9 interdits d&rsquo;acc\u00e8s \u00e0 la mairie, apprend-on d\u2019une source fiable.\u00a0 Et pour cause, des citoyens m\u00e9contents ont proc\u00e9d\u00e9 t\u00f4t le [&hellip;]<\/p>\n","protected":false},"author":1740,"featured_media":0,"comment_status":"closed","ping_status":"closed","sticky":false,"template":"","format":"standard","meta":{"fifu_image_url":"","fifu_image_alt":"","footnotes":""},"categories":[53,76],"tags":[],"class_list":["post-107079","post","type-post","status-publish","format-standard","hentry","category-algerie","category-regions"],"_links":{"self":[{"href":"https:\/\/linitiative.ca\/International\/wp-json\/wp\/v2\/posts\/107079","targetHints":{"allow":["GET"]}}],"collection":[{"href":"https:\/\/linitiative.ca\/International\/wp-json\/wp\/v2\/posts"}],"about":[{"href":"https:\/\/linitiative.ca\/International\/wp-json\/wp\/v2\/types\/post"}],"author":[{"embeddable":true,"href":"https:\/\/linitiative.ca\/International\/wp-json\/wp\/v2\/users\/1740"}],"replies":[{"embeddable":true,"href":"https:\/\/linitiative.ca\/International\/wp-json\/wp\/v2\/comments?post=107079"}],"version-history":[{"count":0,"href":"https:\/\/linitiative.ca\/International\/wp-json\/wp\/v2\/posts\/107079\/revisions"}],"wp:attachment":[{"href":"https:\/\/linitiative.ca\/International\/wp-json\/wp\/v2\/media?parent=107079"}],"wp:term":[{"taxonomy":"category","embeddable":true,"href":"https:\/\/linitiative.ca\/International\/wp-json\/wp\/v2\/categories?post=107079"},{"taxonomy":"post_tag","embeddable":true,"href":"https:\/\/linitiative.ca\/International\/wp-json\/wp\/v2\/tags?post=107079"}],"curies":[{"name":"wp","href":"https:\/\/api.w.org\/{rel}","templated":true}]}}