{"id":107084,"date":"2020-12-13T14:59:00","date_gmt":"2020-12-13T19:59:00","guid":{"rendered":"https:\/\/linitiative.ca\/International\/olfa-benaouda-a-linauguration-du-pavillon-bourguiba-a-paris-une-double-fierte\/"},"modified":"2020-12-13T14:59:00","modified_gmt":"2020-12-13T19:59:00","slug":"olfa-benaouda-a-linauguration-du-pavillon-bourguiba-a-paris-une-double-fierte","status":"publish","type":"post","link":"https:\/\/linitiative.ca\/International\/olfa-benaouda-a-linauguration-du-pavillon-bourguiba-a-paris-une-double-fierte\/","title":{"rendered":"Olfa Benaouda, \u00e0 l\u2019inauguration du Pavillon Bourguiba \u00e0 Paris : une double fiert\u00e9"},"content":{"rendered":"<p>En tant que femme, d\u2019abord, et d\u2019ancienne r\u00e9sidente \u00e0 la Maison de Tunisie \u00e0 Paris, Olfa Benaouda \u00e9tait \u00e0 la fois fi\u00e8re et \u00e9mue. Prenant la parole lors de la c\u00e9r\u00e9monie d\u2019inauguration, dimanche apr\u00e8s-midi, du Pavillon Bourguiba, \u00e0 la cit\u00e9 universitaire internationale de Paris, la ministre de l\u2019Enseignement sup\u00e9rieur et de la Recherche scientifique, ne boudait pas son plaisir. Voil\u00e0 un projet cher \u00e0 tous qui se concr\u00e9tise. Les heureux \u00e9tudiants qui y r\u00e9sident et ceux qui leur succ\u00e8deront au fil des ann\u00e9es \u00e0 venir, le doivent \u00e0 Bourguiba, mais aussi \u00e0 son disciple, B\u00e9ji Ca\u00efd Essebsi qui y avait \u0153uvr\u00e9 avec enthousiasme et conviction.<\/p>\n<p class=\"c2\"><img decoding=\"async\" src=\"\/uploads\/FCK_files\/Sans-titre-2(61).jpg\" width=\"100%\" vspace=\"5\" hspace=\"5\" align=\"middle\" alt=\"\"\/><\/p>\n<p>A la tribune ont pris place du c\u00f4t\u00e9 tunisien, le chef du gouvernement, Hichem Mechichi, l\u2019ambassadeur, Karim Jamoussi, et le chef de la mission universitaire, Taher Battikh. Du c\u00f4t\u00e9 fran\u00e7ais, la ministre de l&rsquo;Enseignement sup\u00e9rieur, de la Recherche et de l&rsquo;Innovation, Fr\u00e9d\u00e9rique Vidal, Jean-Marc Sauv\u00e9, pr\u00e9sident de la Cit\u00e9 internationale universitaire de Paris, et le Recteur de l&rsquo;acad\u00e9mie de Paris, Recteur de la r\u00e9gion acad\u00e9mique d&rsquo;\u00cele de France, Christophe Kerrero.<\/p>\n<p class=\"c2\"><img decoding=\"async\" src=\"\/uploads\/FCK_files\/Sans-titre-1(48).jpg\" alt=\"\" width=\"100%\" vspace=\"5\" hspace=\"5\" align=\"middle\"\/><\/p>\n<p>Aux premiers rangs on reconna\u00eet, outre les membres de la d\u00e9l\u00e9gation tunisienne, l\u2019ambassadeur repr\u00e9sentant permanent de Tunisie aupr\u00e8s de l\u2019Unesco, Ghazi Gherairi, les anciens ministres Slim Khalbous, Ren\u00e9 Trabelsi et Nidhal Ouerfelli, ainsi que l\u2019ancien ambassadeur Hatem Atallah, Badreddine Ouali et Imed Frikha, l\u2019ancien chef de la mission universitaire tunisienne.<\/p>\n<p>La ministre Benaouda \u00e9tait bien inspir\u00e9e pour rendre hommage \u00e0 Bourguiba, souligner l\u2019importance de cette nouvelle annexe de la Maison de Tunisie \u00e0 Paris et c\u00e9l\u00e9brer le savoir face aux t\u00e9n\u00e8bres. \u00ab\u00a0C\u2019est cette image de la Tunisie que nous voulons promouvoir, dira-t-elle, une Tunisie moderne et ouverte sur le monde en qu\u00eate de savoir et de connaissance. Ce n\u2019est certainement pas quelques illumin\u00e9s haineux, sans culture et sans attaches, des terroristes qui viendront entacher l\u2019image de notre pays. Non la Tunisie n\u2019est pas une terre de terrorisme. Ma Tunisie est une terre d\u2019ouverture et de tol\u00e9rance, un pourvoyeur de talents et de lumi\u00e8res\u2026et elle le restera toujours gr\u00e2ce \u00e0 la contribution de nos citoyens responsables et \u00e9clair\u00e9s.\u00a0\u00bb<\/p>\n<p class=\"c2\"><img decoding=\"async\" src=\"\/uploads\/FCK_files\/IMG_20201213_170137.jpg\" alt=\"\" width=\"100%\" vspace=\"5\" hspace=\"5\" align=\"middle\"\/><\/p>\n<h2>Discours<\/h2>\n<p>Habib Bourguiba, grand visionnaire et premier pr\u00e9sident de la R\u00e9publique tunisienne a bataill\u00e9 pour le droit des femmes et a fait de l\u2019\u00e9ducation et du savoir une priorit\u00e9 absolue. Ce nationaliste, juriste et ancien \u00e9tudiant de la Sorbonne, \u00e9tait attach\u00e9 aux valeurs du savoir et de la science.<\/p>\n<p><span class=\"c3\"><strong>Adepte de Kant et Descartes, il a b\u00e2ti une Tunisie moderne fond\u00e9e sur les valeurs universelles de l\u2019\u00e9ducation, la dignit\u00e9 et la justice sociale.<\/strong><\/span> Je suis d\u2019autant plus fi\u00e8re de faire l\u2019inauguration de cet \u00e9v\u00e8nement car je repr\u00e9sente la femme Tunisienne qui s\u2019est octroy\u00e9e ses droits et fray\u00e9 le chemin du savoir gr\u00e2ce \u00e0 la politique moderniste de la Tunisie et \u00e0 son p\u00e8re fondateur Habib Bourguiba.<\/p>\n<p><span class=\"c3\"><strong>Etre l\u00e0 avec vous aujourd\u2019hui me rappelle de beaux souvenirs.<\/strong><\/span> Cette maison fut la mienne pour quelques ann\u00e9es et \u00e0 l\u2019instar de tous les pensionnaires qui sont pass\u00e9s par ici, elle raconte une vie, un chemin parcouru pour gravir les \u00e9chelons de la r\u00e9ussite et du savoir, elle rappelle des moments de labeur mais aussi Beaucoup de joie et de fiert\u00e9 pour la r\u00e9ussite et le parach\u00e8vement d\u2019un long cycle d\u2019\u00e9tudes et de recherche.\u00a0 Cette maison toujours ouverte accueillante et g\u00e9n\u00e9reuse pour les nouveaux arrivants ne peut \u00eatre r\u00e9duite \u00e0 une simple r\u00e9sidence universitaire&#8230; car au-del\u00e0 d\u2019un lieu d\u2019\u00e9change, de qu\u00eate de l\u2019excellence acad\u00e9mique, notre ch\u00e8re \u00ab maison \u00bb \u00e9tait aussi un lieu bouillonnant \u2026un vrai lieu de vie \u2026 ou foisonne les id\u00e9es, les d\u00e9bats et la culture \u00e0 l\u2019image de la ville qui l\u2019accueille, Paris la ville des lumi\u00e8res.<\/p>\n<p><span class=\"c3\"><strong>Le pavillon Habib Bourguiba reconnu de tous, non seulement en tant que prouesse architecturale, mais comme acquis majeur pour le rayonnement du savoir universel, la coop\u00e9ration et le d\u00e9veloppement.<\/strong><\/span> Avec ce pavillon, la Tunisie double pratiquement ses capacit\u00e9s d\u2019accueil au profit de nos \u00e9tudiants et des \u00e9tudiants du monde, un renforcement de la capacit\u00e9 qui nous offre l\u2019opportunit\u00e9 d\u2019accueillir plus d\u2019\u00e9tudiants et donc de satisfaire une demande pour la destination France qui se maintient dans sa position de premi\u00e8re et plus importante destination pour les plus m\u00e9ritants parmi nos \u00e9l\u00e8ves et \u00e9tudiants.<\/p>\n<p>A un moment o\u00f9 notre jeunesse universitaire et nos enseignants, toutes sp\u00e9cialit\u00e9s confondues, \u00e9prouvent le besoin de multiplier les opportunit\u00e9s de mobilit\u00e9 et d\u2019\u00e9change, cette nouvelle r\u00e9alisation nous offre l\u2019opportunit\u00e9 pour \u00e9largir et d\u00e9velopper une infrastructure appropri\u00e9e pour faciliter l\u2019int\u00e9gration dans l\u2019espace parisien.<\/p>\n<p><span class=\"c3\"><strong>Cette r\u00e9alisation a \u00e9t\u00e9 rendue possible gr\u00e2ce au savoir-faire et \u00e0 l\u2019esprit de coop\u00e9ration qui a anim\u00e9 plusieurs \u00e9quipes et plusieurs acteurs aussi bien tunisiens que fran\u00e7ais.<\/strong><\/span> C\u2019est l\u00e0 un nouveau fleuron de la coop\u00e9ration et du partenariat entre les autorit\u00e9s acad\u00e9miques et politiques des deux pays. De l\u2019id\u00e9e, au choix de l\u2019emplacement, jusqu\u2019\u00e0 la conception et la r\u00e9alisation, des dizaines de bonnes volont\u00e9s et d\u2019\u00e9nergies se sont associ\u00e9es pour mener \u00e0 terme cette r\u00e9alisation au b\u00e9n\u00e9fice des g\u00e9n\u00e9rations pr\u00e9sentes et futures.<\/p>\n<p>Je tiens \u00e0 remercier toute l\u2019\u00e9quipe qui a veill\u00e9 au succ\u00e8s et \u00e0 la bonne gouvernance de cette nouvelle r\u00e9alisation et je suis convaincue que la fondation de la maison de Tunisie ne manquera pas d\u2019effort pour assurer le rayonnement n\u00e9cessaire \u00e0 ce nouveau foyer de lumi\u00e8re dans la ville des Lumi\u00e8res.<\/p>\n<p>Nous savons depuis des g\u00e9n\u00e9rations que la principale richesse des soci\u00e9t\u00e9s modernes est constitu\u00e9e par le capital humain et l\u2019intelligence. Pour cela, la Tunisie, terre d\u2019ouverture et berceau des civilisations, a mis\u00e9 sur l\u2019\u00e9ducation, l\u2019acquisition des savoirs et l\u2019excellence. La mission universitaire tunisienne en France constitue une structure de relais pour l\u2019ensemble de notre syst\u00e8me de coop\u00e9ration universitaire.<\/p>\n<p><span class=\"c3\"><strong>La coop\u00e9ration universitaire et scientifique avec la France est un choix strat\u00e9gique pr\u00e9cieux.<\/strong><\/span> Non seulement des milliers d\u2019\u00e9tudiants tunisiens continuent \u00e0 se former et \u00e0 se perfectionner dans les multiples institutions universitaires \u00e0 paris et dans les autres m\u00e9tropoles fran\u00e7aises, mais nos institutions de recherches et de formation se d\u00e9veloppent et progressent gr\u00e2ce \u00e0 cette coop\u00e9ration avec leurs partenaires en France. Des conventions de coop\u00e9ration, des projets communs, des cursus nouveaux, des dizaines de publications scientifiques, fruits de cette coop\u00e9ration nourrissent chaque ann\u00e9e cette dynamique fructueuse et de progr\u00e8s pour tous.<\/p>\n<p>En Tunisie, nous sommes convaincus que cette vocation d\u2019ouverture et de coop\u00e9ration entre la Tunisie et la France est appel\u00e9e \u00e0 durer et \u00e0 s\u2019affirmer, <strong>comme en t\u00e9moigne le projet de l\u2019ufta<\/strong>m. Ce projet pionnier d\u2019universit\u00e9 Franco-Tunisienne pour l\u2019Afrique la m\u00e9diterran\u00e9e n\u00e9cessite une collaboration soutenue et un appui des deux pays pour fleurir et renforcer le syst\u00e8me \u00e9ducatif en Afrique.<\/p>\n<p>Aussi, la Tunisie s\u2019appr\u00eate \u00e0 accueillir bient\u00f4t <strong>le sommet de la Francophonie<\/strong>, un \u00e9v\u00e9nement qui constituera une occasion privil\u00e9gi\u00e9e pour approfondir les liens de solidarit\u00e9 entre la France et ses partenaires qui constitue une large famille mondiale unie par les valeurs d\u2019humanisme et de coop\u00e9ration dans la paix.<\/p>\n<p>Nous sommes aujourd\u2019hui confiants quant au chemin que s\u2019est trac\u00e9e la Tunisie. Le potentiel humain sur lequel on a mis\u00e9 porte d\u2019ores et d\u00e9j\u00e0 ses fruits. Les comp\u00e9tences tunisiennes dont plusieurs sont pass\u00e9s par ce lieu, brillent par leur savoir et connaissances, pour faire rayonner l\u2019image de notre ch\u00e8re Tunisie en France et aussi dans le monde.<\/p>\n<p><span class=\"c3\"><strong>La Tunisie qui a fait du savoir une priorit\u00e9 absolue est une v\u00e9ritable p\u00e9pite de talents<\/strong><\/span> avec des comp\u00e9tences reconnues dans diff\u00e9rents domaines et disciplines et je ne peux ici \u00e9num\u00e9rer tous nos \u00e9minents savants, chercheurs, penseurs et praticiens qui de par leurs contributions et travaux ont beaucoup apport\u00e9 \u00e0 la science et au savoir.<\/p>\n<p><span class=\"c3\"><strong>Nos m\u00e9decins par exemple install\u00e9s ici en France se sont investis au p\u00e9ril de leur vie dans la lutte contre la covid19, ils ont sauv\u00e9 des vies et accompli leur mission avec courage et expertise.<\/strong><\/span> Ces m\u00e9decins tout comme les ing\u00e9nieurs, universitaires et toute comp\u00e9tence \u00e0 l\u2019\u00e9tranger ont \u00e9t\u00e9 form\u00e9s dans nos universit\u00e9s tunisiennes gr\u00e2ce \u00e0 un syst\u00e8me \u00e9ducatif moderne et performant. Ce syst\u00e8me a certes souffert d\u2019un manque de ressources et de moyens, toutefois, il a mis\u00e9 sur l\u2019excellence et a pu consolider et renforcer notre capital humain.<\/p>\n<p>Les difficult\u00e9s \u00e9conomiques que vit notre pays aujourd\u2019hui ont malheureusement entrav\u00e9 l\u2019insertion professionnelle de nos comp\u00e9tences en Tunisie. Toutefois, tous les efforts sont maintenant conjugu\u00e9s pour mettre en place les r\u00e9formes n\u00e9cessaires, renouer avec le progr\u00e8s \u00e9conomique et accueillir nos comp\u00e9tences en Tunisie afin de profiter de leur savoir et expertise. <strong>Nous resterons toujours fiers de ces comp\u00e9tences \u00e0 travers le monde<\/strong> et nous sommes confiants que la Tunisie gardera toujours sa place dans leur c\u0153ur et qu\u2019ils contribueront \u00e0 valoriser et faire rayonner son image.<\/p>\n<p><span class=\"c3\"><strong>C\u2019est cette image de la Tunisie que nous voulons promouvoir, une Tunisie moderne et ouverte sur le monde en qu\u00eate de savoir et de connaissance.<\/strong><\/span> <strong>Ce n\u2019est certainement pas quelques illumin\u00e9s haineux, sans culture et sans attaches, des terroristes qui viendront entacher l\u2019image de notre pays. Non la Tunisie n\u2019est pas une terre de terrorisme<\/strong>!<\/p>\n<p><span class=\"c3\"><strong>Ma Tunisie est une terre d\u2019ouverture et de tol\u00e9rance, un pourvoyeur de talents et de lumi\u00e8res\u2026e<\/strong><\/span>t elle le restera toujours gr\u00e2ce \u00e0 la contribution de nos citoyens responsables et \u00e9clair\u00e9s.<\/p>\n<p>Je souhaite tout le succ\u00e8s et le rayonnement \u00e0 notre Maison de Tunisie\u00a0! Maison de culture et d\u2019ouverture dans la ville des lumi\u00e8res\u00a0!<\/p>\n<p><strong>Lire aussi<\/strong><\/p>\n<p><a target=\"_blank\" href=\"http:\/\/Et%20Bourguiba%20aura%20son%20Pavillon%20%C3%A0%20Paris%20:%20Tout%20ce%20qu'il%20faut%20savoir%20sur%20la%20nouvelle%20r%C3%A9sidence%20universitaire%20(Photos)\" rel=\"noopener\">Et Bourguiba aura son Pavillon \u00e0 Paris : Tout ce qu&rsquo;il faut savoir sur la nouvelle r\u00e9sidence universitaire (Photos)<\/a><\/p>\n<p><a href=\"https:\/\/www.leaders.com.tn\/article\/31083-la-tunisie-demande-a-la-france-qu-elle-la-comprenne-qu-elle-la-soutienne-la-mission-de-mechichi-a-paris\" target=\"_blank\" rel=\"noopener\">La Tunisie demande \u00e0 la France qu\u2019elle la comprenne, qu\u2019elle la soutienne : la mission de Mechichi \u00e0 Paris<\/a><br \/><a href=\"https:\/\/www.leaders.com.tn\/article\/31082-mechichi-a-paris-entretiens-de-haut-niveaux-et-inauguration-du-pavillon-bourguiba\" target=\"_blank\" rel=\"noopener\">Le programme de Mechichi \u00e0 Paris : entretiens de haut niveau et inauguration du Pavillon Bourguiba<\/a><\/p>\n<p>Auteur:<br \/>\n<a href=\"https:\/\/www.leaders.com.tn\/article\/31085-olfa-benaouda-a-l-inauguration-du-pavillon-bourguiba-a-paris-une-double-fierte\">Cliquez ici pour lire l&rsquo;article depuis sa source.<\/a><\/p>\n","protected":false},"excerpt":{"rendered":"<p>En tant que femme, d\u2019abord, et d\u2019ancienne r\u00e9sidente \u00e0 la Maison de Tunisie \u00e0 Paris, Olfa Benaouda \u00e9tait \u00e0 la fois fi\u00e8re et \u00e9mue. Prenant la parole lors de la c\u00e9r\u00e9monie d\u2019inauguration, dimanche apr\u00e8s-midi, du Pavillon Bourguiba, \u00e0 la cit\u00e9 universitaire internationale de Paris, la ministre de l\u2019Enseignement sup\u00e9rieur et de la Recherche scientifique, ne [&hellip;]<\/p>\n","protected":false},"author":1772,"featured_media":0,"comment_status":"closed","ping_status":"closed","sticky":false,"template":"","format":"standard","meta":{"fifu_image_url":"\/uploads\/FCK_files\/Sans-titre-2(61).jpg","fifu_image_alt":"Olfa Benaouda, \u00e0 l\u2019inauguration du Pavillon Bourguiba \u00e0 Paris : une double fiert\u00e9","footnotes":""},"categories":[73,55],"tags":[],"class_list":["post-107084","post","type-post","status-publish","format-standard","hentry","category-actualite","category-tunisie"],"_links":{"self":[{"href":"https:\/\/linitiative.ca\/International\/wp-json\/wp\/v2\/posts\/107084","targetHints":{"allow":["GET"]}}],"collection":[{"href":"https:\/\/linitiative.ca\/International\/wp-json\/wp\/v2\/posts"}],"about":[{"href":"https:\/\/linitiative.ca\/International\/wp-json\/wp\/v2\/types\/post"}],"author":[{"embeddable":true,"href":"https:\/\/linitiative.ca\/International\/wp-json\/wp\/v2\/users\/1772"}],"replies":[{"embeddable":true,"href":"https:\/\/linitiative.ca\/International\/wp-json\/wp\/v2\/comments?post=107084"}],"version-history":[{"count":0,"href":"https:\/\/linitiative.ca\/International\/wp-json\/wp\/v2\/posts\/107084\/revisions"}],"wp:attachment":[{"href":"https:\/\/linitiative.ca\/International\/wp-json\/wp\/v2\/media?parent=107084"}],"wp:term":[{"taxonomy":"category","embeddable":true,"href":"https:\/\/linitiative.ca\/International\/wp-json\/wp\/v2\/categories?post=107084"},{"taxonomy":"post_tag","embeddable":true,"href":"https:\/\/linitiative.ca\/International\/wp-json\/wp\/v2\/tags?post=107084"}],"curies":[{"name":"wp","href":"https:\/\/api.w.org\/{rel}","templated":true}]}}