{"id":107085,"date":"2020-12-13T04:56:31","date_gmt":"2020-12-13T09:56:31","guid":{"rendered":"https:\/\/linitiative.ca\/International\/le-gouvernement-americain-adopte-officiellement-la-carte-complete-du-maroc\/"},"modified":"2020-12-13T04:56:31","modified_gmt":"2020-12-13T09:56:31","slug":"le-gouvernement-americain-adopte-officiellement-la-carte-complete-du-maroc","status":"publish","type":"post","link":"https:\/\/linitiative.ca\/International\/le-gouvernement-americain-adopte-officiellement-la-carte-complete-du-maroc\/","title":{"rendered":"Le gouvernement am\u00e9ricain adopte officiellement la\t carte compl\u00e8te du Maroc"},"content":{"rendered":"<p><strong>Alliant la parole \u00e0 l\u2019acte, l\u2019ambassadeur des \u00c9tats-Unis au Maroc, David Fischer, a pr\u00e9sent\u00e9, hier samedi \u00e0 Rabat, la carte du Maroc, incluant les provinces du Sud, qui a \u00e9t\u00e9 officiellement adopt\u00e9e par le gouvernement am\u00e9ricain.<\/strong><\/p>\n<div class=\"c10\"\/>\n<p>Deux jours \u00e0 peine apr\u00e8s l\u2019annonce par le pr\u00e9sident am\u00e9ricain sortant Donald Trump de la reconnaissance par son pays de la souverainet\u00e9 du Maroc sur le Sahara, l\u2019ambassadeur des \u00c9tats-Unis au Maroc, David Fischer, a pr\u00e9sent\u00e9, hier samedi \u00e0 Rabat, la carte du Maroc, incluant les provinces du Sud, qui a \u00e9t\u00e9 officiellement adopt\u00e9e par le gouvernement am\u00e9ricain. \u00ab\u00a0Ce soir, j\u2019ai le plaisir de vous pr\u00e9senter la nouvelle carte officielle du Royaume du Maroc, qui a \u00e9t\u00e9 adopt\u00e9e par le gouvernement am\u00e9ricain\u00a0\u00bb, a tweet\u00e9 David Fischer. Et d\u2019ajouter dans un autre tweet : \u00ab Cette carte est une repr\u00e9sentation tangible de la d\u00e9claration historique du pr\u00e9sident Trump, il y a de cela \u00e0 peine deux jours, annon\u00e7ant la reconnaissance par les Etats-Unis de la souverainet\u00e9 du Maroc sur le Sahara\u00a0\u00bb.<\/p>\n<p><strong>Lire aussi|<a href=\"https:\/\/www.challenge.ma\/sahara-un-seisme-diplomatique-168534\/\">Sahara : Un s\u00e9isme diplomatique<\/a><\/strong><\/p>\n<p>Dans un troisi\u00e8me tweet, l\u2019ambassadeur am\u00e9ricain a indiqu\u00e9 qu\u2019il \u00ab\u00a0compte offrir cette carte comme pr\u00e9sent \u00e0 Sa Majest\u00e9 le Roi Mohammed VI, en signe de reconnaissance de son leadership audacieux et Son soutien continu et pr\u00e9cieux en faveur de l\u2019amiti\u00e9 profonde entre nos deux pays\u00a0\u00bb.<\/p>\n<p>Tr\u00e8s en verve, le diplomate a accompagn\u00e9 ses posts par des photos le montrant en train de signer la carte compl\u00e8te du Maroc que le gouvernement am\u00e9ricain a officiellement adopt\u00e9e. Pour rappel, c\u2019est le jeudi 10 d\u00e9cembre que le pr\u00e9sident am\u00e9ricain sortant Donald Trump a annonc\u00e9 \u00e0 SM le Roi Mohammed VI, lors d\u2019un entretien t\u00e9l\u00e9phonique, que son reconnait d\u00e9sormais la souverainet\u00e9 du Maroc sur le Sahara et a d\u00e9cid\u00e9 \u00e9galement d\u2019ouvrir un consulat \u00e0 Dakhla, \u00e0 vocation essentiellement \u00e9conomique, en vue d\u2019encourager les investissements am\u00e9ricains dans les provinces du Sud.<\/p>\n<p>Lire aussi|<a href=\"https:\/\/www.challenge.ma\/les-multiples-erreurs-del-pais-sur-le-sahara-168566\/\">Les multiples erreurs d\u2019El Pais sur le Sahara<\/a><\/p>\n<blockquote class=\"twitter-tweet\">\n<p lang=\"ar\" dir=\"rtl\"><a href=\"https:\/\/twitter.com\/hashtag\/%D8%A7%D9%84%D8%B3%D9%81%D9%8A%D8%B1%D9%81%D9%8A%D8%B4%D8%B1?src=hash&amp;ref_src=twsrc%5Etfw\">#\u0627\u0644\u0633\u0641\u064a\u0631\u0641\u064a\u0634\u0631<\/a>: \u064a\u0633\u0639\u062f\u0646\u064a \u0627\u0644\u0644\u064a\u0644\u0629 \u0623\u0646 \u0623\u0642\u062f\u0645 \u0644\u0643\u0645 \u0627\u0644\u062e\u0631\u064a\u0637\u0629 \u0627\u0644\u0631\u0633\u0645\u064a\u0629 \u0627\u0644\u062c\u062f\u064a\u062f\u0629 \u0644\u0644\u0645\u0645\u0644\u0643\u0629 \u0627\u0644\u0645\u063a\u0631\u0628\u064a\u0629 \u0627\u0644\u062a\u064a \u0633\u062a\u0639\u062a\u0645\u062f\u0647\u0627 \u0627\u0644\u062d\u0643\u0648\u0645\u0629 \u0627\u0644\u0623\u0645\u0631\u064a\u0643\u064a\u0629 1\/3 <a href=\"https:\/\/t.co\/OLQCWMNDna\">pic.twitter.com\/OLQCWMNDna<\/a><\/p>\n<p>\u2014 U.S. Embassy Morocco (@USEmbMorocco) <a href=\"https:\/\/twitter.com\/USEmbMorocco\/status\/1337859761249918977?ref_src=twsrc%5Etfw\">December 12, 2020<\/a><\/p><\/blockquote>\n<div class=\"vw-sticky-sidebar-wrapper vw-sticky-sidebar widget_text awac-wrapper widget_text awac widget custom_html-4 textwidget custom-html-widget\">\n<p class=\"has-background c12\"><span class=\"widget-title c11\">Tribune et D\u00e9bats<\/span><\/p>\n<p>La tribune qui vous parle d\u2019une actu, d\u2019un sujet qui fait d\u00e9bat, les traite et les analyse. \u00c9conomistes et autres experts, patrons d\u2019entreprises, d\u00e9cideurs, acteurs de la soci\u00e9t\u00e9 civile, s\u2019y prononcent et contribuent \u00e0 sa grande richesse. Vous avez votre opinion, convergente ou diff\u00e9rente. Exprimez-la et mesurez-vous ainsi \u00e0 nos tribuns et d\u00e9batteurs.<\/p>\n<p>Envoyez vos analyses \u00e0 : <a href=\"\/cdn-cgi\/l\/email-protection#3b5854554f5a584f7b58535a57575e555c5e15565a\"><span class=\"__cf_email__\" data-cfemail=\"8ae9e5e4feebe9fecae9e2ebe6e6efe4edefa4e7eb\">[email\u00a0protected]<\/span><\/a>, en pr\u00e9cisant votre nom, votre pr\u00e9nom et votre m\u00e9tier.<\/p>\n<\/div>\n<p>Auteur: Adama Sylla<br \/>\n<a href=\"https:\/\/www.challenge.ma\/le-gouvernement-americain-adopte-officiellement-la-carte-complete-du-maroc-168582\/\">Cliquez ici pour lire l&rsquo;article depuis sa source.<\/a><\/p>\n","protected":false},"excerpt":{"rendered":"<p>Alliant la parole \u00e0 l\u2019acte, l\u2019ambassadeur des \u00c9tats-Unis au Maroc, David Fischer, a pr\u00e9sent\u00e9, hier samedi \u00e0 Rabat, la carte du Maroc, incluant les provinces du Sud, qui a \u00e9t\u00e9 officiellement adopt\u00e9e par le gouvernement am\u00e9ricain. Deux jours \u00e0 peine apr\u00e8s l\u2019annonce par le pr\u00e9sident am\u00e9ricain sortant Donald Trump de la reconnaissance par son pays [&hellip;]<\/p>\n","protected":false},"author":1787,"featured_media":0,"comment_status":"closed","ping_status":"closed","sticky":false,"template":"","format":"standard","meta":{"fifu_image_url":"","fifu_image_alt":"","footnotes":""},"categories":[78,54],"tags":[],"class_list":["post-107085","post","type-post","status-publish","format-standard","hentry","category-economie","category-maroc"],"_links":{"self":[{"href":"https:\/\/linitiative.ca\/International\/wp-json\/wp\/v2\/posts\/107085","targetHints":{"allow":["GET"]}}],"collection":[{"href":"https:\/\/linitiative.ca\/International\/wp-json\/wp\/v2\/posts"}],"about":[{"href":"https:\/\/linitiative.ca\/International\/wp-json\/wp\/v2\/types\/post"}],"author":[{"embeddable":true,"href":"https:\/\/linitiative.ca\/International\/wp-json\/wp\/v2\/users\/1787"}],"replies":[{"embeddable":true,"href":"https:\/\/linitiative.ca\/International\/wp-json\/wp\/v2\/comments?post=107085"}],"version-history":[{"count":0,"href":"https:\/\/linitiative.ca\/International\/wp-json\/wp\/v2\/posts\/107085\/revisions"}],"wp:attachment":[{"href":"https:\/\/linitiative.ca\/International\/wp-json\/wp\/v2\/media?parent=107085"}],"wp:term":[{"taxonomy":"category","embeddable":true,"href":"https:\/\/linitiative.ca\/International\/wp-json\/wp\/v2\/categories?post=107085"},{"taxonomy":"post_tag","embeddable":true,"href":"https:\/\/linitiative.ca\/International\/wp-json\/wp\/v2\/tags?post=107085"}],"curies":[{"name":"wp","href":"https:\/\/api.w.org\/{rel}","templated":true}]}}