{"id":107090,"date":"2020-12-13T16:11:34","date_gmt":"2020-12-13T21:11:34","guid":{"rendered":"https:\/\/linitiative.ca\/International\/tunisie-bizerte-decouverte-dun-cadavre-putrefie-sur-la-plage-de-sidi-mechreg\/"},"modified":"2020-12-13T16:11:34","modified_gmt":"2020-12-13T21:11:34","slug":"tunisie-bizerte-decouverte-dun-cadavre-putrefie-sur-la-plage-de-sidi-mechreg","status":"publish","type":"post","link":"https:\/\/linitiative.ca\/International\/tunisie-bizerte-decouverte-dun-cadavre-putrefie-sur-la-plage-de-sidi-mechreg\/","title":{"rendered":"Tunisie-Bizerte: D\u00e9couverte d\u2019un cadavre putr\u00e9fi\u00e9 sur la plage de Sidi Mechreg"},"content":{"rendered":"<div class=\"post-cont-in left relative\">\n<div id=\"post-info-wrap\" class=\"left relative post-info-out\">\n<div class=\"post-info-img left relative\"><img loading=\"lazy\" decoding=\"async\" alt=\"\" src=\"https:\/\/secure.gravatar.com\/avatar\/ea481d7287ad38ca1787f44b5bb1b70e?s=50&amp;d=mm&amp;r=g\" srcset=\"https:\/\/secure.gravatar.com\/avatar\/ea481d7287ad38ca1787f44b5bb1b70e?s=100&amp;d=mm&amp;r=g 2x\" class=\"avatar avatar-50 photo\" height=\"50\" width=\"50\"\/><\/div>\n<div class=\"post-info-in\">\n<div class=\"post-info-right left relative post-info-name left relative\"><span><span class=\"post-info-text\">Par<\/span> <span class=\"author-name vcard fn author\"><a href=\"https:\/\/www.tunisienumerique.com\/author\/rania-ben-slimane\/\" title=\"Articles par rania ben slimane\" rel=\"author\">rania ben slimane<\/a><\/span><\/span> <span class=\"post-date updated\"><time class=\"post-date updated\" datetime=\"2020-12-13\">\u00a0| Il y a 40 minutes<\/time><\/span><\/div>\n<div class=\"left relative\"><button id=\"listenButton1\" class=\"responsivevoice-button\" type=\"button\" value=\"Play\" title=\"&#xC9;coutez l'article\"><span>\ud83d\udd0a \u00c9coutez l&rsquo;article<\/span><\/button> <\/div>\n<\/div>\n<\/div>\n<p>Les services de la Garde Maritime ont r\u00e9cup\u00e9r\u00e9, ce dimanche soir, 13 d\u00e9cembre 2020, un corps putr\u00e9fi\u00e9 sur la plage de Sidi Mechreg dans la d\u00e9l\u00e9gation de Sejnane \u00e0 Bizerte.<\/p>\n<div class=\"code-block code-block-1 c4\"><ins class=\"adsbygoogle c3\" data-ad-layout=\"in-article\" data-ad-format=\"fluid\" data-ad-client=\"ca-pub-2102118777505746\" data-ad-slot=\"7301775417\"\/> <\/div>\n<p>Une source officielle locale a indiqu\u00e9 \u00e0 l\u2019agence de presse Tunis-Afrique, que le cadavre a \u00e9t\u00e9 transf\u00e9r\u00e9 \u00e0 l\u2019H\u00f4pital Local de Sejnane.<\/p>\n<p>La m\u00eame source a expliqu\u00e9 que le corps m\u00e9connaissable est celui d\u2019un trentenaire et vu l\u2019\u00e9tat du cadavre, il est probable qu\u2019il soit rest\u00e9 longtemps dans la mer, ce qui a emp\u00each\u00e9 son identification.<\/p>\n<p>En outre, elle a indiqu\u00e9 que les enqu\u00eates pr\u00e9liminaires ont r\u00e9v\u00e9l\u00e9 qu\u2019il pourrait appartenir \u00e0 un jeune maghr\u00e9bin d\u00e9c\u00e9d\u00e9 lors d\u2019une tentative de migration irr\u00e9guli\u00e8re.<\/p>\n<div class=\"swp_social_panel swp_horizontal_panel swp_flat_fresh swp_default_full_color swp_individual_full_color swp_other_full_color scale-100 scale-\" data-min-width=\"1100\" data-float-color=\"#ffffff\" data-float=\"bottom\" data-float-mobile=\"bottom\" data-transition=\"slide\">\n<div class=\"nc_tweetContainer swp_share_button total_shares total_sharesalt\"><span class=\"swp_count\">1 <span class=\"swp_label\">Partages<\/span><\/span><\/div>\n<\/div>\n<p><strong>Que se passe-t-il en Tunisie?<\/strong><br \/>Nous expliquons sur notre <a href=\"https:\/\/www.youtube.com\/channel\/UCRzypVq0B_yBad5eGrwBx0Q?sub_confirmation=1\" target=\"_blank\" rel=\"noopener\">cha\u00eene YouTube<\/a> . <a href=\"https:\/\/www.youtube.com\/channel\/UCRzypVq0B_yBad5eGrwBx0Q?sub_confirmation=1\" target=\"_blank\" rel=\"noopener\">Abonnez-vous!<\/a><\/p>\n<div class=\"mvp-org-wrap mvp-org-logo\" itemprop=\"publisher\"><img decoding=\"async\" src=\"https:\/\/www.tunisienumerique.com\/wp-content\/uploads\/2017\/02\/logo_tunisie_numerique.png\"\/><\/div>\n<div class=\"mvp-related-posts left relative\">\n<h4 class=\"post-header\"><span class=\"post-header\">Lire aussi<\/span><\/h4>\n<\/div>\n<div id=\"article-ad\"><ins class=\"adsbygoogle c5\" data-ad-client=\"ca-pub-2102118777505746\" data-ad-slot=\"6513972734\" data-ad-format=\"auto\" data-full-width-responsive=\"true\"\/> <\/div>\n<\/div>\n<div id=\"post-sidebar-wrap\"><ins class=\"adsbygoogle c5\" data-ad-client=\"ca-pub-2102118777505746\" data-ad-slot=\"6168283410\" data-ad-format=\"auto\" data-full-width-responsive=\"true\"\/> <\/div>\n<p>Auteur: rania ben slimane<br \/>\n<a href=\"https:\/\/www.tunisienumerique.com\/tunisie-bizerte-decouverte-dun-cadavre-putrefie-sur-la-plage-de-sidi-mechreg\/\">Cliquez ici pour lire l&rsquo;article depuis sa source.<\/a><\/p>\n","protected":false},"excerpt":{"rendered":"<p>Par rania ben slimane \u00a0| Il y a 40 minutes \ud83d\udd0a \u00c9coutez l&rsquo;article Les services de la Garde Maritime ont r\u00e9cup\u00e9r\u00e9, ce dimanche soir, 13 d\u00e9cembre 2020, un corps putr\u00e9fi\u00e9 sur la plage de Sidi Mechreg dans la d\u00e9l\u00e9gation de Sejnane \u00e0 Bizerte. Une source officielle locale a indiqu\u00e9 \u00e0 l\u2019agence de presse Tunis-Afrique, que [&hellip;]<\/p>\n","protected":false},"author":1789,"featured_media":0,"comment_status":"closed","ping_status":"closed","sticky":false,"template":"","format":"standard","meta":{"fifu_image_url":"https:\/\/secure.gravatar.com\/avatar\/ea481d7287ad38ca1787f44b5bb1b70e?s=50&d=mm&r=g","fifu_image_alt":"Tunisie-Bizerte: D\u00e9couverte d\u2019un cadavre putr\u00e9fi\u00e9 sur la plage de Sidi Mechreg","footnotes":""},"categories":[73,55],"tags":[],"class_list":["post-107090","post","type-post","status-publish","format-standard","hentry","category-actualite","category-tunisie"],"_links":{"self":[{"href":"https:\/\/linitiative.ca\/International\/wp-json\/wp\/v2\/posts\/107090","targetHints":{"allow":["GET"]}}],"collection":[{"href":"https:\/\/linitiative.ca\/International\/wp-json\/wp\/v2\/posts"}],"about":[{"href":"https:\/\/linitiative.ca\/International\/wp-json\/wp\/v2\/types\/post"}],"author":[{"embeddable":true,"href":"https:\/\/linitiative.ca\/International\/wp-json\/wp\/v2\/users\/1789"}],"replies":[{"embeddable":true,"href":"https:\/\/linitiative.ca\/International\/wp-json\/wp\/v2\/comments?post=107090"}],"version-history":[{"count":0,"href":"https:\/\/linitiative.ca\/International\/wp-json\/wp\/v2\/posts\/107090\/revisions"}],"wp:attachment":[{"href":"https:\/\/linitiative.ca\/International\/wp-json\/wp\/v2\/media?parent=107090"}],"wp:term":[{"taxonomy":"category","embeddable":true,"href":"https:\/\/linitiative.ca\/International\/wp-json\/wp\/v2\/categories?post=107090"},{"taxonomy":"post_tag","embeddable":true,"href":"https:\/\/linitiative.ca\/International\/wp-json\/wp\/v2\/tags?post=107090"}],"curies":[{"name":"wp","href":"https:\/\/api.w.org\/{rel}","templated":true}]}}