{"id":107094,"date":"2020-12-13T17:04:43","date_gmt":"2020-12-13T22:04:43","guid":{"rendered":"https:\/\/linitiative.ca\/International\/chu-de-medenine-emeutes-tribales-temoignage-de-lun-des-blesses-video\/"},"modified":"2020-12-13T17:04:43","modified_gmt":"2020-12-13T22:04:43","slug":"chu-de-medenine-emeutes-tribales-temoignage-de-lun-des-blesses-video","status":"publish","type":"post","link":"https:\/\/linitiative.ca\/International\/chu-de-medenine-emeutes-tribales-temoignage-de-lun-des-blesses-video\/","title":{"rendered":"CHU de M\u00e9denine-\u00e9meutes tribales: T\u00e9moignage de l\u2019un des bless\u00e9s [Vid\u00e9o]"},"content":{"rendered":"<div class=\"post-cont-in left relative\">\n<div id=\"post-info-wrap\" class=\"left relative post-info-out\">\n<div class=\"post-info-img left relative\"><img loading=\"lazy\" decoding=\"async\" alt=\"\" src=\"https:\/\/secure.gravatar.com\/avatar\/ea481d7287ad38ca1787f44b5bb1b70e?s=50&amp;d=mm&amp;r=g\" srcset=\"https:\/\/secure.gravatar.com\/avatar\/ea481d7287ad38ca1787f44b5bb1b70e?s=100&amp;d=mm&amp;r=g 2x\" class=\"avatar avatar-50 photo\" height=\"50\" width=\"50\"\/><\/div>\n<div class=\"post-info-in\">\n<div class=\"post-info-right left relative post-info-name left relative\"><span><span class=\"post-info-text\">Par<\/span> <span class=\"author-name vcard fn author\"><a href=\"https:\/\/www.tunisienumerique.com\/author\/rania-ben-slimane\/\" title=\"Articles par rania ben slimane\" rel=\"author\">rania ben slimane<\/a><\/span><\/span> <span class=\"post-date updated\"><time class=\"post-date updated\" datetime=\"2020-12-13\">\u00a0| Il y a 20 minutes<\/time><\/span><\/div>\n<div class=\"left relative\"><button id=\"listenButton1\" class=\"responsivevoice-button\" type=\"button\" value=\"Play\" title=\"&#xC9;coutez l'article\"><span>\ud83d\udd0a \u00c9coutez l&rsquo;article<\/span><\/button> <\/div>\n<\/div>\n<\/div>\n<p>Un des bless\u00e9s admis au CHU de M\u00e9denine a confi\u00e9 \u00e0 la correspondante de Tunisienum\u00e9rique sur place son t\u00e9moignage des \u00e9meutes tribales \u00e0 Ain Skhouna.<\/p>\n<div class=\"code-block code-block-1 c5\"><ins class=\"adsbygoogle c4\" data-ad-layout=\"in-article\" data-ad-format=\"fluid\" data-ad-client=\"ca-pub-2102118777505746\" data-ad-slot=\"7301775417\"\/> <\/div>\n<p>Il a racont\u00e9 que les troubles ont \u00e9t\u00e9 d\u00e9clench\u00e9es suite \u00e0 une r\u00e9union de conciliation tenue par les deux clans, concernant un terrain objet d\u2019un diff\u00e9rend en justice entre eux depuis 2007.<\/p>\n<p>Notre interlocuteur a ajout\u00e9 que les forces s\u00e9curitaires et militaires ne sont pas intervenues au d\u00e9but des \u00e9meutes, exprimant son \u00e9tonnement face au port de fusils de chasse sans autorisations par les parties en litige.<\/p>\n<p>Une source du personnel m\u00e9dical a affirm\u00e9 \u00e0 notre correspondante que l\u2019h\u00f4pital a pris en charge 34 bless\u00e9s dont trois gri\u00e8vement.<\/p>\n<p>En outre, une source s\u00e9curitaire de M\u00e9denine a d\u00e9clar\u00e9 que lors des affrontements au secteur Bir Sultan, les agents de police de K\u00e9bili ont \u00e9t\u00e9 agress\u00e9s \u00e0 coup de b\u00e2tons et jets de pierres. Les agresseurs ont, en outre, cass\u00e9 les parebrises des v\u00e9hicules des s\u00e9curitaires.<\/p>\n<div class=\"swp_social_panel swp_horizontal_panel swp_flat_fresh swp_default_full_color swp_individual_full_color swp_other_full_color scale-100 scale-\" data-min-width=\"1100\" data-float-color=\"#ffffff\" data-float=\"bottom\" data-float-mobile=\"bottom\" data-transition=\"slide\">\n<div class=\"nc_tweetContainer swp_share_button total_shares total_sharesalt\"><span class=\"swp_count\">2 <span class=\"swp_label\">Partages<\/span><\/span><\/div>\n<\/div>\n<p><strong>Que se passe-t-il en Tunisie?<\/strong><br \/>Nous expliquons sur notre <a href=\"https:\/\/www.youtube.com\/channel\/UCRzypVq0B_yBad5eGrwBx0Q?sub_confirmation=1\" target=\"_blank\" rel=\"noopener\">cha\u00eene YouTube<\/a> . <a href=\"https:\/\/www.youtube.com\/channel\/UCRzypVq0B_yBad5eGrwBx0Q?sub_confirmation=1\" target=\"_blank\" rel=\"noopener\">Abonnez-vous!<\/a><\/p>\n<div class=\"mvp-org-wrap mvp-org-logo\" itemprop=\"publisher\"><img decoding=\"async\" src=\"https:\/\/www.tunisienumerique.com\/wp-content\/uploads\/2017\/02\/logo_tunisie_numerique.png\"\/><\/div>\n<div class=\"mvp-related-posts left relative\">\n<h4 class=\"post-header\"><span class=\"post-header\">Lire aussi<\/span><\/h4>\n<\/div>\n<div id=\"article-ad\"><ins class=\"adsbygoogle c6\" data-ad-client=\"ca-pub-2102118777505746\" data-ad-slot=\"6513972734\" data-ad-format=\"auto\" data-full-width-responsive=\"true\"\/> <\/div>\n<\/div>\n<div id=\"post-sidebar-wrap\"><ins class=\"adsbygoogle c6\" data-ad-client=\"ca-pub-2102118777505746\" data-ad-slot=\"6168283410\" data-ad-format=\"auto\" data-full-width-responsive=\"true\"\/> <\/div>\n<p>Auteur: rania ben slimane<br \/>\n<a href=\"https:\/\/www.tunisienumerique.com\/chu-de-medenine-emeutes-tribales-temoignage-de-lun-des-blesses-video\/\">Cliquez ici pour lire l&rsquo;article depuis sa source.<\/a><\/p>\n","protected":false},"excerpt":{"rendered":"<p>Par rania ben slimane \u00a0| Il y a 20 minutes \ud83d\udd0a \u00c9coutez l&rsquo;article Un des bless\u00e9s admis au CHU de M\u00e9denine a confi\u00e9 \u00e0 la correspondante de Tunisienum\u00e9rique sur place son t\u00e9moignage des \u00e9meutes tribales \u00e0 Ain Skhouna. Il a racont\u00e9 que les troubles ont \u00e9t\u00e9 d\u00e9clench\u00e9es suite \u00e0 une r\u00e9union de conciliation tenue par [&hellip;]<\/p>\n","protected":false},"author":1789,"featured_media":0,"comment_status":"closed","ping_status":"closed","sticky":false,"template":"","format":"standard","meta":{"fifu_image_url":"https:\/\/secure.gravatar.com\/avatar\/ea481d7287ad38ca1787f44b5bb1b70e?s=50&d=mm&r=g","fifu_image_alt":"CHU de M\u00e9denine-\u00e9meutes tribales: T\u00e9moignage de l\u2019un des bless\u00e9s [Vid\u00e9o]","footnotes":""},"categories":[73,55],"tags":[],"class_list":["post-107094","post","type-post","status-publish","format-standard","hentry","category-actualite","category-tunisie"],"_links":{"self":[{"href":"https:\/\/linitiative.ca\/International\/wp-json\/wp\/v2\/posts\/107094","targetHints":{"allow":["GET"]}}],"collection":[{"href":"https:\/\/linitiative.ca\/International\/wp-json\/wp\/v2\/posts"}],"about":[{"href":"https:\/\/linitiative.ca\/International\/wp-json\/wp\/v2\/types\/post"}],"author":[{"embeddable":true,"href":"https:\/\/linitiative.ca\/International\/wp-json\/wp\/v2\/users\/1789"}],"replies":[{"embeddable":true,"href":"https:\/\/linitiative.ca\/International\/wp-json\/wp\/v2\/comments?post=107094"}],"version-history":[{"count":0,"href":"https:\/\/linitiative.ca\/International\/wp-json\/wp\/v2\/posts\/107094\/revisions"}],"wp:attachment":[{"href":"https:\/\/linitiative.ca\/International\/wp-json\/wp\/v2\/media?parent=107094"}],"wp:term":[{"taxonomy":"category","embeddable":true,"href":"https:\/\/linitiative.ca\/International\/wp-json\/wp\/v2\/categories?post=107094"},{"taxonomy":"post_tag","embeddable":true,"href":"https:\/\/linitiative.ca\/International\/wp-json\/wp\/v2\/tags?post=107094"}],"curies":[{"name":"wp","href":"https:\/\/api.w.org\/{rel}","templated":true}]}}