{"id":107095,"date":"2020-12-13T13:41:03","date_gmt":"2020-12-13T18:41:03","guid":{"rendered":"https:\/\/linitiative.ca\/International\/investiture-de-ado\/"},"modified":"2020-12-13T13:41:03","modified_gmt":"2020-12-13T18:41:03","slug":"investiture-de-ado","status":"publish","type":"post","link":"https:\/\/linitiative.ca\/International\/investiture-de-ado\/","title":{"rendered":"INVESTITURE DE ADO"},"content":{"rendered":"<div class=\"stream-item stream-item-above-post-content\">\n<p><noscript><\/p>\n<p><a href=\"\/\/www3.smartadserver.com\/ac?jump=1&amp;nwid=2136&amp;siteid=240610&amp;pgname=rg&amp;fmtid=49046&amp;visit=m&amp;tmstp=[timestamp]&amp;out=nonrich\" target=\"_blank\" rel=\"noopener\"><img decoding=\"async\" src=\"http:\/\/www3.smartadserver.com\/ac?out=nonrich&amp;nwid=2136&amp;siteid=240610&amp;pgname=rg&amp;fmtid=49046&amp;visit=m&amp;tmstp=[timestamp]\" border=\"0\" alt=\"\"\/><\/a><\/p>\n<p><\/noscript><\/div>\n<p class=\"c3\"><em>Le pr\u00e9sident de la R\u00e9publique de C\u00f4te d\u2019Ivoire, Alassane Dramane Ouattara (ADO), pr\u00eate officiellement serment aujourd\u2019hui 14 d\u00e9cembre 2020 au palais de la pr\u00e9sidence. Cet acte marque officiellement l\u2019entr\u00e9e en fonction de l\u2019Enfant de Kong pour un 3<sup>e<\/sup> mandat jug\u00e9 inconstitutionnel par presque l\u2019ensemble de l\u2019opposition ivoirienne. De ce point de vue, l\u2019on peut se demander si le pr\u00e9sident du PDCI-RDA (Parti d\u00e9mocratique de C\u00f4te d\u2019Ivoire), Henri Konan B\u00e9di\u00e9, par ailleurs chef de file de l\u2019opposition, sera de la partie. En tout cas, une carte d\u2019invitation lui a \u00e9t\u00e9 adress\u00e9e par les services de la pr\u00e9sidence. Et sa pr\u00e9sence ou son absence \u00e0 la c\u00e9r\u00e9monie, sera largement comment\u00e9e parce que le Sphinx de Daoukro n\u2019a pas encore reconnu la victoire de Alassane Ouattara. Et cela est en coh\u00e9rence avec le fait que lui et ses camarades de l\u2019opposition, avaient jug\u00e9 inconstitutionnel son troisi\u00e8me mandat. Au plan endog\u00e8ne donc, on \u00a0peut s\u2019attendre logiquement \u00e0 ce que de grands noms de l\u2019opposition brillent par leur absence \u00e0 l\u2019investiture de la personne qu\u2019ils ne souhaitent pas voir m\u00eame en peinture, c\u2019est-\u00e0-dire Alassane Ouattara. A contrario, ils sont nombreux, les chefs d\u2019Etat et de gouvernement du continent noir qui n\u2019entendent pas se faire conter l\u2019\u00e9v\u00e9nement.<\/em><\/p>\n<p class=\"c3\"><em>\u00a0<\/em><\/p>\n<p class=\"c4\"><strong><em>Au plan diplomatique, Alassane Ouattara peut se frotter les mains<\/em><\/strong><\/p>\n<p class=\"c3\"><em>\u00a0<\/em><\/p>\n<p class=\"c3\"><em>En effet, tous les pr\u00e9sidents des pays membres de l\u2019UEMOA (Union \u00e9conomique et mon\u00e9taire ouest africaine) seront aux c\u00f4t\u00e9s de leur homologue ivoirien. Et l\u2019on peut comprendre pourquoi. Ils ont tous, toutes affaires cessantes, fait le d\u00e9placement d\u2019Abidjan, peut-on\u00a0 dire, parce que personne ne veut \u00eatre compt\u00e9 parmi ceux qui ne voient pas d\u2019un bon \u0153il, le 3<sup>e<\/sup> mandat du pr\u00e9sident d\u2019un pays qui compte parmi les plus puissants de cet espace. En tout cas, le pr\u00e9sident burkinab\u00e8, Roch Marc Christian Kabor\u00e9, ne peut pas s\u2019offrir le luxe de ne pas y \u00eatre\u00a0; lui dont le pays compte des millions de ressortissants en Eburnie. A ces pr\u00e9sidents des pays de l\u2019UEMOA doivent s\u2019ajouter quelques chefs d\u2019Etat de pays de la CEDEAO (Communaut\u00e9 \u00e9conomique des Etats Ouest africains). Le Mauritanien Mohamed Ould El-Ghazouani ainsi que le Congolais Denis Sassou Nguesso et le Rwandais Paul Kagam\u00e9 sont \u00e9galement annonc\u00e9s. La France sera repr\u00e9sent\u00e9e par son ministre des Affaires \u00e9trang\u00e8res, Jean-Yves Le Drian. Et quand on conna\u00eet ce que repr\u00e9sente la France pour la C\u00f4te d\u2019Ivoire et vice-versa, l\u2019Enfant de Kong peut se permettre d\u2019esquisser des pas de djanjoba* pour traduire son \u00ab\u00a0enjaillement\u00a0\u00bb, c\u2019est-\u00e0-dire sa joie en nouchi ivoirien. En effet, quand la France valide une \u00e9lection au pays de Houphou\u00ebt Boigny, cela correspond pratiquement \u00e0 un satisf\u00e9cit de l\u2019ensemble de la communaut\u00e9 internationale. Au plan diplomatique donc, Alassane Ouattara peut se frotter les mains. Et son \u00ab\u00a0enjaillement\u00a0\u00bb peut \u00eatre partag\u00e9 par les pr\u00e9sidents qui ont honor\u00e9 de leur pr\u00e9sence \u00e0 la\u00a0c\u00e9r\u00e9monie. Pour la 3<sup>e<\/sup>\u00a0 fois cons\u00e9cutive et vraisemblablement pour la derni\u00e8re fois, ADO se verra remettre\u00a0 le \u00ab\u00a0Grand collier de l\u2019Ordre\u00a0\u00bb. A toutes ces trois occasions, c\u2019est sa complice de tous les jours, Henriette Diabat\u00e9, qui lui passera ce grand symbole de la R\u00e9publique autour du\u00a0 cou.<\/em><\/p>\n<p class=\"c3\"><em>\u00a0<\/em><\/p>\n<p class=\"c4\"><strong><em>Alassane Ouattara a l\u2019obligation de mettre \u00e0 profit ce 3<sup>e<\/sup> mandat pour v\u00e9ritablement d\u00e9sarmer les c\u0153urs des Ivoiriens<\/em><\/strong><\/p>\n<p class=\"c3\"><em>\u00a0<\/em><\/p>\n<p class=\"c3\"><em>Avant ce grand moment, ADO pr\u00eatera serment sur la Constitution. Et cela est une innovation majeure dans l\u2019histoire de la C\u00f4te d\u2019Ivoire. Seulement, on peut se demander ce que vaut cet acte. En tout cas, sous nos tropiques, bien des pr\u00e9sidents ne se sentent pas li\u00e9s par cet acte\u00a0; eux qui n\u2019h\u00e9sitent pas, par moments, \u00e0 charcuter la loi fondamentale de leurs pays respectifs de sorte \u00e0 ce qu\u2019elle soit congruente avec leurs int\u00e9r\u00eats.\u00a0 C\u2019est ce que Alpha Cond\u00e9 vient de faire en Guin\u00e9e, en briguant la pr\u00e9sidentielle pour la 3<sup>e<\/sup> fois. Et si, comme pr\u00e9vu, il fait le d\u00e9placement d\u2019Abidjan, il ne devra pas raser les murs. Car, quoi qu\u2019on dise, l\u2019h\u00f4te du jour n\u2019a pas eu de scrupule comme en go\u00fbtant au \u00a0fruit interdit du 3<sup>e<\/sup> mandat. L\u2019histoire ne peut pas ne pas retenir cela. C\u2019est pourquoi Alassane Ouattara a l\u2019obligation morale et politique, pour autant qu\u2019il veuille que l\u2019histoire soit indulgente avec lui, de mettre \u00e0 profit ce 3<sup>e<\/sup> mandat pour v\u00e9ritablement d\u00e9sarmer les c\u0153urs des Ivoiriens. Le discours solennel qu\u2019il doit prononcer dans le cadre de cette investiture, devra aller dans ce sens. Et les mots seuls, m\u00eame s\u2019ils sont importants, ne suffisent pas. Ils doivent \u00eatre traduits en actes concrets et observables d\u2019apaisement. L\u2019un d\u2019eux pourrait \u00eatre l\u2019\u00e9largissement de personnalit\u00e9s politiques, comme Pascal Afi Nguessan et Maurice Kakou\u00a0\u00a0 Guikahu\u00e9. ADO aura-t-il la grandeur d\u2019esprit de pardonner \u00e0 tous ses compatriotes qui sont aujourd\u2019hui derri\u00e8re les barreaux dans le cadre de la contestation de son 3<sup>e<\/sup> mandat\u00a0? De la r\u00e9ponse \u00e0 cette question d\u00e9pendra l\u00a0\u2018avenir de la C\u00f4te d\u2019Ivoire. Et le fait que l\u2019opposition ait renonc\u00e9 \u00e0 l\u2019organe de transition qu\u2019elle avait mis en place et \u00e0 la d\u00e9sob\u00e9issance civile, est une opportunit\u00e9 de paix sur laquelle ADO peut se baser pour enfin amorcer le chantier de la r\u00e9conciliation. Et les va-t-en- guerre des deux camps, et Dieu seul sait s\u2019ils sont nombreux, n\u2019y ont pas leur place.<\/em><\/p>\n<p class=\"c3\"><em>\u00a0<\/em><\/p>\n<p class=\"c4\"><strong><em>\u00ab\u00a0Le Pays\u00a0\u00bb<\/em><\/strong><\/p>\n<p class=\"c4\"><strong><em>\u00a0<\/em><\/strong><\/p>\n<p class=\"c4\"><strong><em>*Djanjoba\u00a0: danse populaire chez les Dioula<\/em><\/strong><\/p>\n<p class=\"c4\"><strong><em>\u00a0<\/em><\/strong><\/p>\n<p>Auteur: Le Pays<br \/>\n<a href=\"https:\/\/lepays.bf\/investiture-de-ado\/\">Cliquez ici pour lire l&rsquo;article depuis sa source.<\/a><\/p>\n","protected":false},"excerpt":{"rendered":"<p>Le pr\u00e9sident de la R\u00e9publique de C\u00f4te d\u2019Ivoire, Alassane Dramane Ouattara (ADO), pr\u00eate officiellement serment aujourd\u2019hui 14 d\u00e9cembre 2020 au palais de la pr\u00e9sidence. Cet acte marque officiellement l\u2019entr\u00e9e en fonction de l\u2019Enfant de Kong pour un 3e mandat jug\u00e9 inconstitutionnel par presque l\u2019ensemble de l\u2019opposition ivoirienne. De ce point de vue, l\u2019on peut se [&hellip;]<\/p>\n","protected":false},"author":1813,"featured_media":0,"comment_status":"closed","ping_status":"closed","sticky":false,"template":"","format":"standard","meta":{"fifu_image_url":"http:\/\/www3.smartadserver.com\/ac?out=nonrich&nwid=2136&siteid=240610&pgname=rg&fmtid=49046&visit=m&tmstp=[timestamp]","fifu_image_alt":"INVESTITURE DE ADO","footnotes":""},"categories":[73,81],"tags":[],"class_list":["post-107095","post","type-post","status-publish","format-standard","hentry","category-actualite","category-burkina-faso"],"_links":{"self":[{"href":"https:\/\/linitiative.ca\/International\/wp-json\/wp\/v2\/posts\/107095","targetHints":{"allow":["GET"]}}],"collection":[{"href":"https:\/\/linitiative.ca\/International\/wp-json\/wp\/v2\/posts"}],"about":[{"href":"https:\/\/linitiative.ca\/International\/wp-json\/wp\/v2\/types\/post"}],"author":[{"embeddable":true,"href":"https:\/\/linitiative.ca\/International\/wp-json\/wp\/v2\/users\/1813"}],"replies":[{"embeddable":true,"href":"https:\/\/linitiative.ca\/International\/wp-json\/wp\/v2\/comments?post=107095"}],"version-history":[{"count":0,"href":"https:\/\/linitiative.ca\/International\/wp-json\/wp\/v2\/posts\/107095\/revisions"}],"wp:attachment":[{"href":"https:\/\/linitiative.ca\/International\/wp-json\/wp\/v2\/media?parent=107095"}],"wp:term":[{"taxonomy":"category","embeddable":true,"href":"https:\/\/linitiative.ca\/International\/wp-json\/wp\/v2\/categories?post=107095"},{"taxonomy":"post_tag","embeddable":true,"href":"https:\/\/linitiative.ca\/International\/wp-json\/wp\/v2\/tags?post=107095"}],"curies":[{"name":"wp","href":"https:\/\/api.w.org\/{rel}","templated":true}]}}