{"id":107096,"date":"2020-12-13T13:48:08","date_gmt":"2020-12-13T18:48:08","guid":{"rendered":"https:\/\/linitiative.ca\/International\/22e-anniversaire-de-lassassinat-de-norbert-zongo\/"},"modified":"2020-12-13T13:48:08","modified_gmt":"2020-12-13T18:48:08","slug":"22e-anniversaire-de-lassassinat-de-norbert-zongo","status":"publish","type":"post","link":"https:\/\/linitiative.ca\/International\/22e-anniversaire-de-lassassinat-de-norbert-zongo\/","title":{"rendered":"22E ANNIVERSAIRE DE L\u2019ASSASSINAT DE NORBERT ZONGO"},"content":{"rendered":"<div class=\"stream-item stream-item-above-post-content\">\n<p><noscript><\/p>\n<p><a href=\"\/\/www3.smartadserver.com\/ac?jump=1&amp;nwid=2136&amp;siteid=240610&amp;pgname=rg&amp;fmtid=49046&amp;visit=m&amp;tmstp=[timestamp]&amp;out=nonrich\" target=\"_blank\" rel=\"noopener\"><img decoding=\"async\" src=\"http:\/\/www3.smartadserver.com\/ac?out=nonrich&amp;nwid=2136&amp;siteid=240610&amp;pgname=rg&amp;fmtid=49046&amp;visit=m&amp;tmstp=[timestamp]\" border=\"0\" alt=\"\"\/><\/a><\/p>\n<p><\/noscript><\/div>\n<p class=\"c3\"><em>Cela fait 22 ans que le journaliste Norbert Zongo et ses compagnons p\u00e9rissaient sur la route de Sapouy, dans le Centre-Ouest du pays, dans des circonstances non encore \u00e9lucid\u00e9es. Plus de deux d\u00e9cennies apr\u00e8s, beaucoup d\u2019eau a coul\u00e9 sous les ponts. Car, on se rappelle qu\u2019\u00e0 l\u2019issue de huit ans d\u2019investigation, le juge d\u2019instruction d\u2019alors avait prononc\u00e9 un non-lieu qui avait irrit\u00e9 les d\u00e9fenseurs des droits humains qui y voyaient la main agissante du r\u00e9gime de Blaise Compaor\u00e9. C\u2019\u00e9tait en 2006. Il aura donc fallu attendre l\u2019insurrection populaire d\u2019octobre 2014, pour que le dossier Norbert Zongo soit rouvert et cela gr\u00e2ce \u00e0 des documents d\u00e9couverts au domicile de Fran\u00e7ois Compaor\u00e9 que d\u2019aucuns pointent du doigt comme \u00e9tant le principal commanditaire de cet assassinat qui a indign\u00e9 plus d\u2019un. Ce qui a conduit, \u00e0 ce jour, \u00e0 l\u2019arrestation de plusieurs personnes mises en cause. Quant \u00e0 Fran\u00e7ois Compaor\u00e9, en exil en France, il devra \u00eatre situ\u00e9 sur son sort le 18 d\u00e9cembre prochain. Le Conseil d\u2019Etat que ses avocats avaient saisi apr\u00e8s le d\u00e9cret sign\u00e9 par le Premier ministre fran\u00e7ais, doit se prononcer en faveur ou non de son extradition vers le Burkina Faso o\u00f9 la Justice souhaite l\u2019entendre sur l\u2019affaire Norbert Zongo. Certes, on est\u00a0 encore loin de la manifestation de la v\u00e9rit\u00e9 dans cette affaire, mais le moins que l\u2019on puisse dire, c\u2019est que l\u2019espoir est permis. Cela dit, la vigilance doit \u00eatre de mise. Car, faut-il le souligner, plus de vingt ans apr\u00e8s, que d\u2019indices mat\u00e9riels ont compl\u00e8tement disparu, pouvant, un tant soit peu, emp\u00eacher la lumi\u00e8re sur ce dossier pour lequel les Burkinab\u00e8 ne sont pas pr\u00eats \u00e0 se laisser conter fleurette. Et ce n\u2019est pas tout. Certains pr\u00e9sum\u00e9s assassins, en l\u2019occurrence Marcel Kafando et Edmond Kouama, pour ne pas les nommer et autres t\u00e9moins privil\u00e9gi\u00e9s ne sont plus de ce monde.<\/em><\/p>\n<p class=\"c3\"><em>\u00a0<\/em><\/p>\n<p class=\"c4\"><strong><em>R\u00e9conciliation nationale\u00a0 n\u2019est pas synonyme d\u2019abandon de poursuites judiciaires<\/em><\/strong><\/p>\n<p class=\"c3\"><em>\u00a0<\/em><\/p>\n<p class=\"c3\"><em>C\u2019est la preuve, s\u2019il en est, que m\u00eame si l\u2019on \u00e9chappe \u00e0 la Justice des Hommes, on ne saurait se soustraire \u00e0 la justice immanente qui d\u00e9coule naturellement des actes accomplis. Ainsi va la vie. Car, bon ou mauvais, le pass\u00e9 de chaque \u00eatre humain le rattrape. Cela dit, le 22<sup>e<\/sup> anniversaire de l\u2019assassinat de Norbert Zongo intervient dans un contexte o\u00f9 des voix s\u2019\u00e9l\u00e8vent de plus en plus pour appeler \u00e0 la r\u00e9conciliation nationale. S\u2019il est vrai que personne n\u2019est contre la r\u00e9conciliation nationale en ce sens qu\u2019elle permet de mettre fin aux ranc\u0153urs en vue de renforcer le vivre-ensemble, on se doute bien que certains y voient une belle occasion pour noyer le dossier Norbert Zongo et bien d\u2019autres crimes de sang comme ceux de Thomas Sankara, Dabo Boukary, etc. R\u00e9conciliation nationale n\u2019est pas synonyme d\u2019abandon de poursuites judiciaires contre des criminels et leurs commanditaires. Loin s\u2019en faut\u00a0! Car, tant que justice ne sera pas rendue \u00e0 Norbert Zongo, son fant\u00f4me continuera de hanter le Burkina\u00a0; en t\u00e9moigne la mobilisation que l\u2019on constate chaque ann\u00e9e, \u00e0 travers le pays, \u00e0 l\u2019occasion du 13 d\u00e9cembre. C\u2019est l\u2019expression d\u2019une soif inextinguible de justice.<\/em><\/p>\n<p class=\"c3\"><em>\u00a0<\/em><\/p>\n<p class=\"c4\"><strong><em>Boundi OUOBA<\/em><\/strong><\/p>\n<p>Auteur: Le Pays<br \/>\n<a href=\"https:\/\/lepays.bf\/22e-anniversaire-de-lassassinat-de-norbert-zongo\/\">Cliquez ici pour lire l&rsquo;article depuis sa source.<\/a><\/p>\n","protected":false},"excerpt":{"rendered":"<p>Cela fait 22 ans que le journaliste Norbert Zongo et ses compagnons p\u00e9rissaient sur la route de Sapouy, dans le Centre-Ouest du pays, dans des circonstances non encore \u00e9lucid\u00e9es. Plus de deux d\u00e9cennies apr\u00e8s, beaucoup d\u2019eau a coul\u00e9 sous les ponts. Car, on se rappelle qu\u2019\u00e0 l\u2019issue de huit ans d\u2019investigation, le juge d\u2019instruction d\u2019alors [&hellip;]<\/p>\n","protected":false},"author":1813,"featured_media":0,"comment_status":"closed","ping_status":"closed","sticky":false,"template":"","format":"standard","meta":{"fifu_image_url":"http:\/\/www3.smartadserver.com\/ac?out=nonrich&nwid=2136&siteid=240610&pgname=rg&fmtid=49046&visit=m&tmstp=[timestamp]","fifu_image_alt":"22E ANNIVERSAIRE DE L\u2019ASSASSINAT DE NORBERT ZONGO","footnotes":""},"categories":[73,81],"tags":[],"class_list":["post-107096","post","type-post","status-publish","format-standard","hentry","category-actualite","category-burkina-faso"],"_links":{"self":[{"href":"https:\/\/linitiative.ca\/International\/wp-json\/wp\/v2\/posts\/107096","targetHints":{"allow":["GET"]}}],"collection":[{"href":"https:\/\/linitiative.ca\/International\/wp-json\/wp\/v2\/posts"}],"about":[{"href":"https:\/\/linitiative.ca\/International\/wp-json\/wp\/v2\/types\/post"}],"author":[{"embeddable":true,"href":"https:\/\/linitiative.ca\/International\/wp-json\/wp\/v2\/users\/1813"}],"replies":[{"embeddable":true,"href":"https:\/\/linitiative.ca\/International\/wp-json\/wp\/v2\/comments?post=107096"}],"version-history":[{"count":0,"href":"https:\/\/linitiative.ca\/International\/wp-json\/wp\/v2\/posts\/107096\/revisions"}],"wp:attachment":[{"href":"https:\/\/linitiative.ca\/International\/wp-json\/wp\/v2\/media?parent=107096"}],"wp:term":[{"taxonomy":"category","embeddable":true,"href":"https:\/\/linitiative.ca\/International\/wp-json\/wp\/v2\/categories?post=107096"},{"taxonomy":"post_tag","embeddable":true,"href":"https:\/\/linitiative.ca\/International\/wp-json\/wp\/v2\/tags?post=107096"}],"curies":[{"name":"wp","href":"https:\/\/api.w.org\/{rel}","templated":true}]}}