{"id":107097,"date":"2020-12-13T14:02:05","date_gmt":"2020-12-13T19:02:05","guid":{"rendered":"https:\/\/linitiative.ca\/International\/felix-tshisekedi-face-au-parlement\/"},"modified":"2020-12-13T14:02:05","modified_gmt":"2020-12-13T19:02:05","slug":"felix-tshisekedi-face-au-parlement","status":"publish","type":"post","link":"https:\/\/linitiative.ca\/International\/felix-tshisekedi-face-au-parlement\/","title":{"rendered":"FELIX TSHISEKEDI FACE AU PARLEMENT"},"content":{"rendered":"<div class=\"stream-item stream-item-above-post-content\">\n<p><noscript><\/p>\n<p><a href=\"\/\/www3.smartadserver.com\/ac?jump=1&amp;nwid=2136&amp;siteid=240610&amp;pgname=rg&amp;fmtid=49046&amp;visit=m&amp;tmstp=[timestamp]&amp;out=nonrich\" target=\"_blank\" rel=\"noopener\"><img decoding=\"async\" src=\"http:\/\/www3.smartadserver.com\/ac?out=nonrich&amp;nwid=2136&amp;siteid=240610&amp;pgname=rg&amp;fmtid=49046&amp;visit=m&amp;tmstp=[timestamp]\" border=\"0\" alt=\"\"\/><\/a><\/p>\n<p><\/noscript><\/div>\n<p class=\"c3\"><em>Le pr\u00e9sident de la R\u00e9publique d\u00e9mocratique du Congo (RDC), F\u00e9lix Tshis\u00e9k\u00e9di, devrait prononcer aujourd\u2019hui un discours tr\u00e8s attendu devant le parlement. Mais au moment o\u00f9 nous tracions \u00a0ces lignes, nous apprenions qu\u2019il a \u00e9t\u00e9 report\u00e9 sine die.\u00a0 En attendant de conna\u00eetre le contenu exact de ce speech, l\u2019on peut, d\u2019ores et d\u00e9j\u00e0, affirmer sans risque de se tromper, qu\u2019il sera celui de la confirmation de la rupture entre le FCC et le Cach proche de Tshis\u00e9k\u00e9di. On est d\u2019autant plus fond\u00e9 \u00e0 le penser que le pr\u00e9sident qui avait annonc\u00e9 le divorce entre la coalition qui l\u2019a port\u00e9 au pouvoir \u00e0 savoir le Cach et le FCC de l\u2019ancien pr\u00e9sident, Joseph Kabila, est all\u00e9 trop loin pour reculer. Ce d\u2019autant qu\u2019il a r\u00e9ussi, gr\u00e2ce \u00e0 des man\u0153uvres politiciennes, \u00e0 destituer la d\u00e9sormais ex-pr\u00e9sidente de l\u2019Assembl\u00e9e nationale, Jeanine Mabunda, en vue de former une nouvelle majorit\u00e9 parlementaire qui lui permettrait de mettre en \u0153uvre son programme politique. Car, ce n\u2019est un secret pour personne que depuis son \u00e9lection en 2019, F\u00e9lix Tshis\u00e9k\u00e9di \u00e9tait pris en otage par les Kabilistes qui contr\u00f4lent presque tous les leviers du pouvoir, \u00e0 savoir la Primature, le Parlement et le S\u00e9nat. Tant et si bien que la marge de man\u0153uvre de Tshis\u00e9k\u00e9di \u00e9tait tr\u00e8s r\u00e9duite au point qu\u2019une partie du \u00a0peuple congolais r\u00e9clamait \u00e0 cor et \u00e0 cri, la dissolution pure et simple de la coalition FCC-Cach. En tout cas, Thsis\u00e9k\u00e9di a d\u00e9j\u00e0 annonc\u00e9 la couleur et se doit d\u2019aller jusqu\u2019au bout de sa logique en d\u00e9boulonnant \u00a0tous les proches de Kabila \u00e0 la t\u00eate des institutions. Et l\u2019on peut dire qu\u2019il est bien parti pour r\u00e9ussir ce combat d\u2019autant qu\u2019il a le soutien non seulement d\u2019hommes puissants comme Mo\u00efse Katumbi, mais aussi et surtout de celui de l\u2019Eglise catholique dont on sait qu\u2019elle a pes\u00e9 de tout son poids pour emp\u00eacher Joseph Kabila de briguer un troisi\u00e8me mandat.<\/em><\/p>\n<p class=\"c3\"><em>\u00a0<\/em><\/p>\n<p class=\"c4\"><strong><em>Il se dessine en perspective un v\u00e9ritable duel<\/em><\/strong><\/p>\n<p class=\"c3\"><em>\u00a0<\/em><\/p>\n<p class=\"c3\"><em>A ces soutiens de taille, il faut ajouter celui de l\u2019Union pour la d\u00e9mocratie et le progr\u00e8s social (UDPS), le parti du locataire du palais de marbre. \u00a0Autant dire que F\u00e9lix Tshis\u00e9k\u00e9di a tous les moyens pour mettre en pi\u00e8ces la machine de Kabila qui l\u2019emp\u00eache d\u2019avancer sur les chantiers du d\u00e9veloppement et de la d\u00e9mocratie. Au-del\u00e0, c\u2019est \u00a0le scrutin de 2023 qui est en jeu dans cette bataille. Si Tshis\u00e9k\u00e9di ne veut pas mordre la poussi\u00e8re \u00e0 la prochaine pr\u00e9sidentielle, il n\u2019a pas d\u2019autre choix que de sonner le glas de la coalition entre le FCC et le Cach. \u00a0Cela dit, F\u00e9lix Tshis\u00e9k\u00e9di ne doit pas vite danser le ndombolo car, le camp Kabila qui a plus d\u2019un tour dans son sac, n\u2019a pas encore dit son dernier mot. En tout cas, tout laisse croire qu\u2019il n\u2019assistera pas \u00e0 sa descente aux enfers, en victime r\u00e9sign\u00e9e. C\u2019est d\u2019autant plus vrai qu\u2019il a promis de ne pas se laisser faire. \u00a0Il se dessine donc en perspective un v\u00e9ritable duel. Le moins que l\u2019on puisse dire, c\u2019est que ce discours aura, \u00e0 coup s\u00fbr, une autre coloration que les pr\u00e9c\u00e9dents, s\u2019il ne sonne pas la fin d\u2019une certaine \u00e9poque.\u00a0<\/em> <em>Mais, il ne faudrait pas que la tension qui est mont\u00e9e d\u2019un cran entre les deux camps, plonge la RD Congo qui ne se porte pas d\u00e9j\u00e0 bien, dans une zone de turbulences. Les risques de troubles sont d\u2019autant plus grands que la p\u00e9tition qui a abouti \u00e0 la destitution de la pr\u00e9sidente de l\u2019Assembl\u00e9e nationale, avait vite transform\u00e9 l\u2019h\u00e9micycle en un v\u00e9ritable ring. Qu\u2019adviendra-t-il donc quand viendra le moment de nommer un informateur en vue de la formation d\u2019une nouvelle majorit\u00e9 au parlement\u00a0au profit de la coalition au pouvoir? C\u2019est le wait and see d\u2019autant plus que Jeanine Mabunda promet de saisir le\u00a0 Conseil d\u2019Etat.<\/em><\/p>\n<p class=\"c3\"><em>\u00a0<\/em><\/p>\n<p class=\"c4\"><em><strong>Dabadi ZOUMBARA<\/strong><\/em><\/p>\n<p class=\"c3\"><em>\u00a0<\/em><\/p>\n<p class=\"c3\"><em>\u00a0<\/em><\/p>\n<p>Auteur: Le Pays<br \/>\n<a href=\"https:\/\/lepays.bf\/felix-tshisekedi-face-au-parlement\/\">Cliquez ici pour lire l&rsquo;article depuis sa source.<\/a><\/p>\n","protected":false},"excerpt":{"rendered":"<p>Le pr\u00e9sident de la R\u00e9publique d\u00e9mocratique du Congo (RDC), F\u00e9lix Tshis\u00e9k\u00e9di, devrait prononcer aujourd\u2019hui un discours tr\u00e8s attendu devant le parlement. Mais au moment o\u00f9 nous tracions \u00a0ces lignes, nous apprenions qu\u2019il a \u00e9t\u00e9 report\u00e9 sine die.\u00a0 En attendant de conna\u00eetre le contenu exact de ce speech, l\u2019on peut, d\u2019ores et d\u00e9j\u00e0, affirmer sans risque [&hellip;]<\/p>\n","protected":false},"author":1813,"featured_media":0,"comment_status":"closed","ping_status":"closed","sticky":false,"template":"","format":"standard","meta":{"fifu_image_url":"http:\/\/www3.smartadserver.com\/ac?out=nonrich&nwid=2136&siteid=240610&pgname=rg&fmtid=49046&visit=m&tmstp=[timestamp]","fifu_image_alt":"FELIX TSHISEKEDI FACE AU PARLEMENT","footnotes":""},"categories":[73,81],"tags":[],"class_list":["post-107097","post","type-post","status-publish","format-standard","hentry","category-actualite","category-burkina-faso"],"_links":{"self":[{"href":"https:\/\/linitiative.ca\/International\/wp-json\/wp\/v2\/posts\/107097","targetHints":{"allow":["GET"]}}],"collection":[{"href":"https:\/\/linitiative.ca\/International\/wp-json\/wp\/v2\/posts"}],"about":[{"href":"https:\/\/linitiative.ca\/International\/wp-json\/wp\/v2\/types\/post"}],"author":[{"embeddable":true,"href":"https:\/\/linitiative.ca\/International\/wp-json\/wp\/v2\/users\/1813"}],"replies":[{"embeddable":true,"href":"https:\/\/linitiative.ca\/International\/wp-json\/wp\/v2\/comments?post=107097"}],"version-history":[{"count":0,"href":"https:\/\/linitiative.ca\/International\/wp-json\/wp\/v2\/posts\/107097\/revisions"}],"wp:attachment":[{"href":"https:\/\/linitiative.ca\/International\/wp-json\/wp\/v2\/media?parent=107097"}],"wp:term":[{"taxonomy":"category","embeddable":true,"href":"https:\/\/linitiative.ca\/International\/wp-json\/wp\/v2\/categories?post=107097"},{"taxonomy":"post_tag","embeddable":true,"href":"https:\/\/linitiative.ca\/International\/wp-json\/wp\/v2\/tags?post=107097"}],"curies":[{"name":"wp","href":"https:\/\/api.w.org\/{rel}","templated":true}]}}