{"id":107103,"date":"2020-12-13T02:20:13","date_gmt":"2020-12-13T07:20:13","guid":{"rendered":"https:\/\/linitiative.ca\/International\/cameroun-ateh-bazore-elu-president-du-conseil-dadministration-de-la-societe-de-lart-musical\/"},"modified":"2020-12-13T02:20:13","modified_gmt":"2020-12-13T07:20:13","slug":"cameroun-ateh-bazore-elu-president-du-conseil-dadministration-de-la-societe-de-lart-musical","status":"publish","type":"post","link":"https:\/\/linitiative.ca\/International\/cameroun-ateh-bazore-elu-president-du-conseil-dadministration-de-la-societe-de-lart-musical\/","title":{"rendered":"Cameroun : Ateh Bazore \u00e9lu pr\u00e9sident du Conseil d\u2019administration de la soci\u00e9t\u00e9 de l\u2019art musical"},"content":{"rendered":"<div readability=\"32\">\n<p>Publi\u00e9 le 13.12.2020 \u00e0 08h20 par JournalduCameroun.com<\/p>\n<\/div>\n<div readability=\"62\">\n<h2 class=\"c6\">L\u2019artiste a triomph\u00e9 de ses trois adversaires au terme d\u2019un scrutin qui s\u2019est d\u00e9roul\u00e9 ce 12\u00a0d\u00e9cembre \u00e0 Yaound\u00e9.<\/h2>\n<p class=\"c7\">Il \u00e9tait quatre en course pour briguer le poste tr\u00e8s convoit\u00e9 de <strong>Pr\u00e9sident du conseil d\u2019administration<\/strong> de la <strong>Soci\u00e9t\u00e9 nationale camerounaise de l\u2019art musical (Sonacam)<\/strong>. A l\u2019issue de l\u2019assembl\u00e9e g\u00e9n\u00e9rale \u00e9lective de la Sonacam qui s\u2019est tenue ce samedi\u00a012\u00a0d\u00e9cembre au Palais des congr\u00e8s \u00e0 Yaound\u00e9, le choix des artistes s\u2019est port\u00e9 sur Ateh Bazore.<\/p>\n<p class=\"c7\">Ce dernier engrange 254\u00a0voix, contre 185\u00a0voix pour Jean Pierre Essome, 85 pour Messi Ambroise et 69 pour Wax dey. Ateh Bazore succ\u00e8de ainsi au c\u00e9l\u00e8bre artiste musicien Sam Fan Thomas.<\/p>\n<p class=\"c7\">L\u2019artiste Francis Ateh Bazore, qui est par ailleurs journaliste \u00e0 la Cameroon Radio Television (CRTV), s\u2019\u00e9tait pr\u00e9sent\u00e9 comme le candidat rassembleur. Sa vision\u00a0: <em>\u00ab\u2009R\u00e9concilier, f\u00e9d\u00e9rer et abolir la mis\u00e8re dans le milieu artistique\u2009\u00bb<\/em>.<\/p>\n<p class=\"c7\">Pour le reste, le nouveau bureau de la Sonacam est compos\u00e9 comme suit\u00a0: 1er\u00a0vice-pr\u00e9sident\u00a0: Serges Rafric, 2eme\u00a0vice-pr\u00e9sident\u00a0: Beko Sadey, pr\u00e9sident du Conseil de surveillance\u00a0: Ndedi Eyango, pr\u00e9sidente du Comit\u00e9 d\u2019\u00e9thique, de discipline et d\u2019arbitrage:\u00a0 Dinaly, pr\u00e9sident de la Commission d\u2019identification, d\u2019admission et de classification\u00a0: Louis De\u00a0Kum, pr\u00e9sident de la Commission de contr\u00f4le des programmes, des musiques en ligne et de r\u00e9partition\u00a0: DJ Bilick.<\/p>\n<\/div>\n<p>Auteur: Ludovic Amara<br \/>\n<a href=\"https:\/\/www.journalducameroun.com\/cameroun-ateh-bazore-elu-president-du-conseil-dadministration-de-la-societe-de-lart-musical-cameroun\/\">Cliquez ici pour lire l&rsquo;article depuis sa source.<\/a><\/p>\n","protected":false},"excerpt":{"rendered":"<p>Publi\u00e9 le 13.12.2020 \u00e0 08h20 par JournalduCameroun.com L\u2019artiste a triomph\u00e9 de ses trois adversaires au terme d\u2019un scrutin qui s\u2019est d\u00e9roul\u00e9 ce 12\u00a0d\u00e9cembre \u00e0 Yaound\u00e9. Il \u00e9tait quatre en course pour briguer le poste tr\u00e8s convoit\u00e9 de Pr\u00e9sident du conseil d\u2019administration de la Soci\u00e9t\u00e9 nationale camerounaise de l\u2019art musical (Sonacam). A l\u2019issue de l\u2019assembl\u00e9e g\u00e9n\u00e9rale [&hellip;]<\/p>\n","protected":false},"author":1965,"featured_media":0,"comment_status":"closed","ping_status":"closed","sticky":false,"template":"","format":"standard","meta":{"fifu_image_url":"","fifu_image_alt":"","footnotes":""},"categories":[73,82],"tags":[],"class_list":["post-107103","post","type-post","status-publish","format-standard","hentry","category-actualite","category-cameroun"],"_links":{"self":[{"href":"https:\/\/linitiative.ca\/International\/wp-json\/wp\/v2\/posts\/107103","targetHints":{"allow":["GET"]}}],"collection":[{"href":"https:\/\/linitiative.ca\/International\/wp-json\/wp\/v2\/posts"}],"about":[{"href":"https:\/\/linitiative.ca\/International\/wp-json\/wp\/v2\/types\/post"}],"author":[{"embeddable":true,"href":"https:\/\/linitiative.ca\/International\/wp-json\/wp\/v2\/users\/1965"}],"replies":[{"embeddable":true,"href":"https:\/\/linitiative.ca\/International\/wp-json\/wp\/v2\/comments?post=107103"}],"version-history":[{"count":0,"href":"https:\/\/linitiative.ca\/International\/wp-json\/wp\/v2\/posts\/107103\/revisions"}],"wp:attachment":[{"href":"https:\/\/linitiative.ca\/International\/wp-json\/wp\/v2\/media?parent=107103"}],"wp:term":[{"taxonomy":"category","embeddable":true,"href":"https:\/\/linitiative.ca\/International\/wp-json\/wp\/v2\/categories?post=107103"},{"taxonomy":"post_tag","embeddable":true,"href":"https:\/\/linitiative.ca\/International\/wp-json\/wp\/v2\/tags?post=107103"}],"curies":[{"name":"wp","href":"https:\/\/api.w.org\/{rel}","templated":true}]}}