{"id":107106,"date":"2020-12-13T09:49:19","date_gmt":"2020-12-13T14:49:19","guid":{"rendered":"https:\/\/linitiative.ca\/International\/cameroun-un-chef-traditionnel-kidnappe-dans-le-nord-ouest\/"},"modified":"2020-12-13T09:49:19","modified_gmt":"2020-12-13T14:49:19","slug":"cameroun-un-chef-traditionnel-kidnappe-dans-le-nord-ouest","status":"publish","type":"post","link":"https:\/\/linitiative.ca\/International\/cameroun-un-chef-traditionnel-kidnappe-dans-le-nord-ouest\/","title":{"rendered":"Cameroun : un chef traditionnel kidnapp\u00e9 dans le Nord-ouest"},"content":{"rendered":"<div readability=\"32\">\n<p>Publi\u00e9 le 13.12.2020 \u00e0 15h49 par JournalduCameroun.com<\/p>\n<\/div>\n<div readability=\"53\">\n<h2 class=\"c6\">Sheteh Nelson, le Fon de Tubah, a \u00e9t\u00e9 enlev\u00e9 par des hommes arm\u00e9s non identifi\u00e9s ce samedi\u00a012\u00a0d\u00e9cembre.<\/h2>\n<p class=\"c7\">Le <strong>chef Uiyuoh Nelson Sheteh<\/strong>, le Fon (chef traditionnel) de <strong>Babanki<\/strong>, dans la commune de Tubah (r\u00e9gion du Nord-ouest) a \u00e9t\u00e9 enlev\u00e9 ce samedi\u00a012\u00a0d\u00e9cembre par des inconnus.<\/p>\n<p class=\"c7\">L\u2019enl\u00e8vement n\u2019a pas \u00e9t\u00e9 revendiqu\u00e9, pour autant, les soup\u00e7ons sont tourn\u00e9s vers les milices s\u00e9paratistes qui \u00e9cument la r\u00e9gion du Nord-ouest <strong>Cameroun<\/strong>.<\/p>\n<p class=\"c7\">Les s\u00e9paratistes arm\u00e9s avaient en effet menac\u00e9 de s\u2019en prendre \u00e0 tous ceux, conseillers municipaux chefs traditionnels des r\u00e9gions du Nord-ouest et du Sud-ouest qui prendraient part \u00e0 l\u2019\u00e9lection des Conseillers r\u00e9gionaux du 6\u00a0d\u00e9cembre dernier.<\/p>\n<p class=\"c7\">C\u2019est dans cette optique que le Fon de Nso (Nord-ouest) avait \u00e9t\u00e9 kidnapp\u00e9 en rel\u00e2ch\u00e9 5 jours plus tard sous la promesse de se retirer du processus \u00e9lectoral. Le Fon Sehm Mbinglo\u00a0II va finalement voter le 6\u00a0d\u00e9cembre sous forte escorte de l\u2019arm\u00e9e.<\/p>\n<p class=\"c7\">Pour l\u2019heure, le chef Uiyuoh Nelson Sheteh a \u00e9t\u00e9 emmen\u00e9 vers une destination inconnue et aucune nouvelle de lui n\u2019a filtr\u00e9 depuis plus de 24\u00a0h.<\/p>\n<\/div>\n<p>Auteur: Ludovic Amara<br \/>\n<a href=\"https:\/\/www.journalducameroun.com\/cameroun-un-chef-traditionnel-kidnappe-dans-le-nord-ouest-cameroun\/\">Cliquez ici pour lire l&rsquo;article depuis sa source.<\/a><\/p>\n","protected":false},"excerpt":{"rendered":"<p>Publi\u00e9 le 13.12.2020 \u00e0 15h49 par JournalduCameroun.com Sheteh Nelson, le Fon de Tubah, a \u00e9t\u00e9 enlev\u00e9 par des hommes arm\u00e9s non identifi\u00e9s ce samedi\u00a012\u00a0d\u00e9cembre. Le chef Uiyuoh Nelson Sheteh, le Fon (chef traditionnel) de Babanki, dans la commune de Tubah (r\u00e9gion du Nord-ouest) a \u00e9t\u00e9 enlev\u00e9 ce samedi\u00a012\u00a0d\u00e9cembre par des inconnus. L\u2019enl\u00e8vement n\u2019a pas \u00e9t\u00e9 [&hellip;]<\/p>\n","protected":false},"author":1965,"featured_media":0,"comment_status":"closed","ping_status":"closed","sticky":false,"template":"","format":"standard","meta":{"fifu_image_url":"","fifu_image_alt":"","footnotes":""},"categories":[73,82],"tags":[],"class_list":["post-107106","post","type-post","status-publish","format-standard","hentry","category-actualite","category-cameroun"],"_links":{"self":[{"href":"https:\/\/linitiative.ca\/International\/wp-json\/wp\/v2\/posts\/107106","targetHints":{"allow":["GET"]}}],"collection":[{"href":"https:\/\/linitiative.ca\/International\/wp-json\/wp\/v2\/posts"}],"about":[{"href":"https:\/\/linitiative.ca\/International\/wp-json\/wp\/v2\/types\/post"}],"author":[{"embeddable":true,"href":"https:\/\/linitiative.ca\/International\/wp-json\/wp\/v2\/users\/1965"}],"replies":[{"embeddable":true,"href":"https:\/\/linitiative.ca\/International\/wp-json\/wp\/v2\/comments?post=107106"}],"version-history":[{"count":0,"href":"https:\/\/linitiative.ca\/International\/wp-json\/wp\/v2\/posts\/107106\/revisions"}],"wp:attachment":[{"href":"https:\/\/linitiative.ca\/International\/wp-json\/wp\/v2\/media?parent=107106"}],"wp:term":[{"taxonomy":"category","embeddable":true,"href":"https:\/\/linitiative.ca\/International\/wp-json\/wp\/v2\/categories?post=107106"},{"taxonomy":"post_tag","embeddable":true,"href":"https:\/\/linitiative.ca\/International\/wp-json\/wp\/v2\/tags?post=107106"}],"curies":[{"name":"wp","href":"https:\/\/api.w.org\/{rel}","templated":true}]}}