{"id":107107,"date":"2020-12-13T13:18:02","date_gmt":"2020-12-13T18:18:02","guid":{"rendered":"https:\/\/linitiative.ca\/International\/covid-19-la-mauritanie-instaure-de-nouveau-le-couvre-feu\/"},"modified":"2020-12-13T13:18:02","modified_gmt":"2020-12-13T18:18:02","slug":"covid-19-la-mauritanie-instaure-de-nouveau-le-couvre-feu","status":"publish","type":"post","link":"https:\/\/linitiative.ca\/International\/covid-19-la-mauritanie-instaure-de-nouveau-le-couvre-feu\/","title":{"rendered":"Covid-19: la Mauritanie instaure de nouveau le couvre-feu"},"content":{"rendered":"<div readability=\"32\">\n<p>Publi\u00e9 le 13.12.2020 \u00e0 19h18 par APA News<\/p>\n<\/div>\n<div readability=\"49\">\n<p>Face \u00e0 la propagation de la maladie \u00e0 coronavirus dans le pays, les autorit\u00e9s mauritaniennes ont annonc\u00e9 ce dimanche l\u2019instauration d\u2019un nouveau couvre-feu.Dans un communiqu\u00e9\u00a0publi\u00e9 dimanche, le minist\u00e8re mauritanien de l\u2019int\u00e9rieur et de la d\u00e9centralisation\u00a0annonce l\u2019instauration d\u2019un couvre-feu sur toute l\u2019\u00e9tendue du territoire national de 18h \u00e0 6 heures du matin.<\/p>\n<p>Le couvre-feu, pr\u00e9cise le communiqu\u00e9,\u00a0est effectif d\u00e8s ce dimanche. Le minist\u00e8re a appel\u00e9 les populations au respect des dispositions \u00e9dict\u00e9es dans de telles situations.<\/p>\n<p>Ce nouveau couvre-feu, intervient apr\u00e8s celui instaur\u00e9 au tout d\u00e9but de la pand\u00e9mie entre mars et juillet 2020.\u00a0<\/p>\n<p>La Mauritanie a enregistr\u00e9 depuis l\u2019apparition de la Covid-19\u00a010.777 cas de coronavirus pour 8.022 gu\u00e9ris et 222 d\u00e9c\u00e8s.<\/p>\n<\/div>\n<p>Auteur: APA News<br \/>\n<a href=\"https:\/\/www.journalducameroun.com\/covid-19-la-mauritanie-instaure-de-nouveau-le-couvre-feu\/\">Cliquez ici pour lire l&rsquo;article depuis sa source.<\/a><\/p>\n","protected":false},"excerpt":{"rendered":"<p>Publi\u00e9 le 13.12.2020 \u00e0 19h18 par APA News Face \u00e0 la propagation de la maladie \u00e0 coronavirus dans le pays, les autorit\u00e9s mauritaniennes ont annonc\u00e9 ce dimanche l\u2019instauration d\u2019un nouveau couvre-feu.Dans un communiqu\u00e9\u00a0publi\u00e9 dimanche, le minist\u00e8re mauritanien de l\u2019int\u00e9rieur et de la d\u00e9centralisation\u00a0annonce l\u2019instauration d\u2019un couvre-feu sur toute l\u2019\u00e9tendue du territoire national de 18h \u00e0 [&hellip;]<\/p>\n","protected":false},"author":1965,"featured_media":0,"comment_status":"closed","ping_status":"closed","sticky":false,"template":"","format":"standard","meta":{"fifu_image_url":"","fifu_image_alt":"","footnotes":""},"categories":[73,82],"tags":[],"class_list":["post-107107","post","type-post","status-publish","format-standard","hentry","category-actualite","category-cameroun"],"_links":{"self":[{"href":"https:\/\/linitiative.ca\/International\/wp-json\/wp\/v2\/posts\/107107","targetHints":{"allow":["GET"]}}],"collection":[{"href":"https:\/\/linitiative.ca\/International\/wp-json\/wp\/v2\/posts"}],"about":[{"href":"https:\/\/linitiative.ca\/International\/wp-json\/wp\/v2\/types\/post"}],"author":[{"embeddable":true,"href":"https:\/\/linitiative.ca\/International\/wp-json\/wp\/v2\/users\/1965"}],"replies":[{"embeddable":true,"href":"https:\/\/linitiative.ca\/International\/wp-json\/wp\/v2\/comments?post=107107"}],"version-history":[{"count":0,"href":"https:\/\/linitiative.ca\/International\/wp-json\/wp\/v2\/posts\/107107\/revisions"}],"wp:attachment":[{"href":"https:\/\/linitiative.ca\/International\/wp-json\/wp\/v2\/media?parent=107107"}],"wp:term":[{"taxonomy":"category","embeddable":true,"href":"https:\/\/linitiative.ca\/International\/wp-json\/wp\/v2\/categories?post=107107"},{"taxonomy":"post_tag","embeddable":true,"href":"https:\/\/linitiative.ca\/International\/wp-json\/wp\/v2\/tags?post=107107"}],"curies":[{"name":"wp","href":"https:\/\/api.w.org\/{rel}","templated":true}]}}