{"id":107112,"date":"2020-12-14T10:35:58","date_gmt":"2020-12-14T15:35:58","guid":{"rendered":"https:\/\/linitiative.ca\/International\/report-de-la-13eme-edition-du-festival-de-theatre-arabe\/"},"modified":"2020-12-14T10:35:58","modified_gmt":"2020-12-14T15:35:58","slug":"report-de-la-13eme-edition-du-festival-de-theatre-arabe","status":"publish","type":"post","link":"https:\/\/linitiative.ca\/International\/report-de-la-13eme-edition-du-festival-de-theatre-arabe\/","title":{"rendered":"Report de la 13\u00e8me \u00e9dition  du Festival de th\u00e9\u00e2tre arabe"},"content":{"rendered":"<header readability=\"1.3555555555556\">\n<div class=\"entry-post-meta\" readability=\"6.6885245901639\">\n<div class=\"author-link\">Publi\u00e9 par <a itemprop=\"author\" itemscope=\"\" itemtype=\"https:\/\/schema.org\/Person\" href=\"https:\/\/aujourdhui.ma\/author\/blio\" rel=\"author\"><span itemprop=\"name\">ALM<\/span><\/a><\/div>\n<p>Date\u00a0:<time content=\"2020-12-14T16:35:58+01:00\" class=\"entry-date updated\" datetime=\"2020-12-14T16:35:58+01:00\">d\u00e9cembre 14, 2020<\/time><\/p>\n<div class=\"entry-cat\">dans:<a href=\"https:\/\/aujourdhui.ma\/category\/culture\" rel=\"category tag\">Culture<\/a><\/div>\n<p>16Vues<\/p>\n<\/div>\n<\/header>\n<div class=\"entry-content clearfix\" readability=\"39\"><img decoding=\"async\" class=\"post_layout_5_img\" src=\"http:\/\/aujourdhui.ma\/wp-content\/uploads\/2020\/12\/theatre_Mohammed_V_-_Festival_international_des_ecoles_superieures_dart_dramatique_de_Rabat_-_M1-504x300-copier-504x300-1.jpg\" alt=\"Report de la 13&#xE8;me &#xE9;dition du Festival de th&#xE9;&#xE2;tre arabe\"\/><\/p>\n<p><strong>L\u2019Instance arabe du th\u00e9\u00e2tre a annonc\u00e9 le report de la treizi\u00e8me \u00e9dition du Festival du th\u00e9\u00e2tre arabe, qui devait se tenir au Maroc du 10 au 16 janvier 2021, en raison de la pand\u00e9mie du coronavirus.<\/strong><span id=\"more-362908\"\/> L\u2019Instance a mis en avant la difficult\u00e9 d\u2019organiser cette \u00e9dition en ce temps de pand\u00e9mie qui a affect\u00e9 le monde, sachant que le festival n\u2019accueille pas moins de 500<br \/>participants arabes, en plus des centaines d\u2019invit\u00e9s du pays h\u00f4te.<\/p>\n<\/div>\n<p>Auteur: ALM<br \/>\n<a href=\"https:\/\/aujourdhui.ma\/culture\/report-de-la-13eme-edition-du-festival-de-theatre-arabe\">Cliquez ici pour lire l&rsquo;article depuis sa source.<\/a><\/p>\n","protected":false},"excerpt":{"rendered":"<p>Publi\u00e9 par ALM Date\u00a0:d\u00e9cembre 14, 2020 dans:Culture 16Vues L\u2019Instance arabe du th\u00e9\u00e2tre a annonc\u00e9 le report de la treizi\u00e8me \u00e9dition du Festival du th\u00e9\u00e2tre arabe, qui devait se tenir au Maroc du 10 au 16 janvier 2021, en raison de la pand\u00e9mie du coronavirus. L\u2019Instance a mis en avant la difficult\u00e9 d\u2019organiser cette \u00e9dition en [&hellip;]<\/p>\n","protected":false},"author":1759,"featured_media":0,"comment_status":"closed","ping_status":"closed","sticky":false,"template":"","format":"standard","meta":{"fifu_image_url":"http:\/\/aujourdhui.ma\/wp-content\/uploads\/2020\/12\/theatre_Mohammed_V_-_Festival_international_des_ecoles_superieures_dart_dramatique_de_Rabat_-_M1-504x300-copier-504x300-1.jpg","fifu_image_alt":"Report de la 13\u00e8me \u00e9dition  du Festival de th\u00e9\u00e2tre arabe","footnotes":""},"categories":[73,54],"tags":[],"class_list":["post-107112","post","type-post","status-publish","format-standard","hentry","category-actualite","category-maroc"],"_links":{"self":[{"href":"https:\/\/linitiative.ca\/International\/wp-json\/wp\/v2\/posts\/107112","targetHints":{"allow":["GET"]}}],"collection":[{"href":"https:\/\/linitiative.ca\/International\/wp-json\/wp\/v2\/posts"}],"about":[{"href":"https:\/\/linitiative.ca\/International\/wp-json\/wp\/v2\/types\/post"}],"author":[{"embeddable":true,"href":"https:\/\/linitiative.ca\/International\/wp-json\/wp\/v2\/users\/1759"}],"replies":[{"embeddable":true,"href":"https:\/\/linitiative.ca\/International\/wp-json\/wp\/v2\/comments?post=107112"}],"version-history":[{"count":0,"href":"https:\/\/linitiative.ca\/International\/wp-json\/wp\/v2\/posts\/107112\/revisions"}],"wp:attachment":[{"href":"https:\/\/linitiative.ca\/International\/wp-json\/wp\/v2\/media?parent=107112"}],"wp:term":[{"taxonomy":"category","embeddable":true,"href":"https:\/\/linitiative.ca\/International\/wp-json\/wp\/v2\/categories?post=107112"},{"taxonomy":"post_tag","embeddable":true,"href":"https:\/\/linitiative.ca\/International\/wp-json\/wp\/v2\/tags?post=107112"}],"curies":[{"name":"wp","href":"https:\/\/api.w.org\/{rel}","templated":true}]}}