{"id":107113,"date":"2020-12-14T11:00:00","date_gmt":"2020-12-14T16:00:00","guid":{"rendered":"https:\/\/linitiative.ca\/International\/une-appli-pour-le-suivi-et-levaluation-de-la-sante-mobile-au-maroc\/"},"modified":"2020-12-14T11:00:00","modified_gmt":"2020-12-14T16:00:00","slug":"une-appli-pour-le-suivi-et-levaluation-de-la-sante-mobile-au-maroc","status":"publish","type":"post","link":"https:\/\/linitiative.ca\/International\/une-appli-pour-le-suivi-et-levaluation-de-la-sante-mobile-au-maroc\/","title":{"rendered":"Une appli pour le suivi et l\u2019\u00e9valuation de la sant\u00e9 mobile au Maroc"},"content":{"rendered":"<header readability=\"1.3246753246753\">\n<\/header>\n<div class=\"entry-content clearfix\" readability=\"50\"><img decoding=\"async\" class=\"post_layout_5_img\" src=\"http:\/\/aujourdhui.ma\/wp-content\/uploads\/2017\/01\/Ministere-Sante-maroc.jpg\" alt=\"Une appli pour le suivi et l&#x2019;&#xE9;valuation de la sant&#xE9; mobile au Maroc\"\/><\/p>\n<p><span class=\"c5\"><strong>Un appel \u00e0 consultation a \u00e9t\u00e9 lanc\u00e9 par le minist\u00e8re de tutelle<\/strong><\/span><span id=\"more-362889\"\/><\/p>\n<p>Le minist\u00e8re de la sant\u00e9 va mettre en place prochainement une application informatique pour le suivi et l\u2019\u00e9valuation de la sant\u00e9 mobile. Un appel \u00e0 consultation a \u00e9t\u00e9 lanc\u00e9 pour l\u2019\u00e9laboration de cette application. Avec l\u2019appui de l\u2019Unicef, il s\u2019agit de d\u00e9velopper et installer une solution informatique web permettant au minist\u00e8re de la sant\u00e9 de stocker, contr\u00f4ler, suivre et analyser son programme strat\u00e9gique de travail en mati\u00e8re de sant\u00e9 mobile, adaptable aussi aux syst\u00e8mes de sant\u00e9 communautaire. A noter que l\u2019application comportera plusieurs types d\u2019interfaces, \u00e0 savoir des interfaces de saisie permettant \u00e0 un grand nombre de services d\u2019introduire des informations (3.000 \u00e9tablissements sanitaires) ; des interfaces de communication (partage des modules de formation, messages de communication de risque et engagement communautaire). Cette application comportera \u00e9galement des interfaces d\u2019analyses d\u00e9cisionnelles\/Business intelligence (tableau de bord personnalisable, cartographie interactive\u2026).<\/p>\n<p>La couverture sanitaire par le mode mobile institutionnalis\u00e9e par le d\u00e9cret n\u00b0 2-14-562 du 24 juillet 2015 pris pour l\u2019application de la loi-cadre n\u00b0 34 -09 relative au syst\u00e8me de sant\u00e9 et l\u2019offre de soins, demeure prioritaire et incontournable pour assurer le renforcement de la disponibilit\u00e9 des prestations de services au milieu rural et favoriser le rapprochement des services de sant\u00e9 des populations enclav\u00e9es et vuln\u00e9rables.<\/p>\n<\/div>\n<p>Auteur: ALM<br \/>\n<a href=\"https:\/\/aujourdhui.ma\/societe\/une-appli-pour-le-suivi-et-levaluation-de-la-sante-mobile-au-maroc\">Cliquez ici pour lire l&rsquo;article depuis sa source.<\/a><\/p>\n","protected":false},"excerpt":{"rendered":"<p>Un appel \u00e0 consultation a \u00e9t\u00e9 lanc\u00e9 par le minist\u00e8re de tutelle Le minist\u00e8re de la sant\u00e9 va mettre en place prochainement une application informatique pour le suivi et l\u2019\u00e9valuation de la sant\u00e9 mobile. Un appel \u00e0 consultation a \u00e9t\u00e9 lanc\u00e9 pour l\u2019\u00e9laboration de cette application. Avec l\u2019appui de l\u2019Unicef, il s\u2019agit de d\u00e9velopper et [&hellip;]<\/p>\n","protected":false},"author":1759,"featured_media":0,"comment_status":"closed","ping_status":"closed","sticky":false,"template":"","format":"standard","meta":{"fifu_image_url":"http:\/\/aujourdhui.ma\/wp-content\/uploads\/2017\/01\/Ministere-Sante-maroc.jpg","fifu_image_alt":"Une appli pour le suivi et l\u2019\u00e9valuation de la sant\u00e9 mobile au Maroc","footnotes":""},"categories":[73,54],"tags":[],"class_list":["post-107113","post","type-post","status-publish","format-standard","hentry","category-actualite","category-maroc"],"_links":{"self":[{"href":"https:\/\/linitiative.ca\/International\/wp-json\/wp\/v2\/posts\/107113","targetHints":{"allow":["GET"]}}],"collection":[{"href":"https:\/\/linitiative.ca\/International\/wp-json\/wp\/v2\/posts"}],"about":[{"href":"https:\/\/linitiative.ca\/International\/wp-json\/wp\/v2\/types\/post"}],"author":[{"embeddable":true,"href":"https:\/\/linitiative.ca\/International\/wp-json\/wp\/v2\/users\/1759"}],"replies":[{"embeddable":true,"href":"https:\/\/linitiative.ca\/International\/wp-json\/wp\/v2\/comments?post=107113"}],"version-history":[{"count":0,"href":"https:\/\/linitiative.ca\/International\/wp-json\/wp\/v2\/posts\/107113\/revisions"}],"wp:attachment":[{"href":"https:\/\/linitiative.ca\/International\/wp-json\/wp\/v2\/media?parent=107113"}],"wp:term":[{"taxonomy":"category","embeddable":true,"href":"https:\/\/linitiative.ca\/International\/wp-json\/wp\/v2\/categories?post=107113"},{"taxonomy":"post_tag","embeddable":true,"href":"https:\/\/linitiative.ca\/International\/wp-json\/wp\/v2\/tags?post=107113"}],"curies":[{"name":"wp","href":"https:\/\/api.w.org\/{rel}","templated":true}]}}