{"id":107120,"date":"2020-12-14T06:28:32","date_gmt":"2020-12-14T11:28:32","guid":{"rendered":"https:\/\/linitiative.ca\/International\/tunisie-suisse-biens-confisques-le-blocage-des-avoirs-de-ben-ali-et-ses-proches-expire-en-janvier-2021\/"},"modified":"2020-12-14T06:28:32","modified_gmt":"2020-12-14T11:28:32","slug":"tunisie-suisse-biens-confisques-le-blocage-des-avoirs-de-ben-ali-et-ses-proches-expire-en-janvier-2021","status":"publish","type":"post","link":"https:\/\/linitiative.ca\/International\/tunisie-suisse-biens-confisques-le-blocage-des-avoirs-de-ben-ali-et-ses-proches-expire-en-janvier-2021\/","title":{"rendered":"Tunisie- Suisse-Biens confisqu\u00e9s: Le blocage des avoirs de Ben Ali et ses proches expire en janvier 2021"},"content":{"rendered":"<p>Le blocage des avoirs en Suisse du pr\u00e9sident d\u00e9chu Ben Ali et ses proches expirera en janvier 2021, apr\u00e8s avoir atteint la dur\u00e9e l\u00e9gale maximale de dix ans, a annonc\u00e9 le Conseil f\u00e9d\u00e9ral suisse, lors de sa session hebdomadaire du vendredi dernier, rapport\u00e9e par des m\u00e9dias suisses.<\/p>\n<div class=\"td_block_wrap tdb_single_content tdi_30_bfd td-pb-border-top td_block_template_1 td-post-content tagdiv-type tdb-block-inner td-fix-index\" data-td-block-uid=\"tdi_30_bfd\">\n<p>Ce blocage d\u2019avoirs illicites de Ben Ali et de ses proches avait \u00e9t\u00e9 ordonn\u00e9 en 2011 par la justice suisse, au lendemain de la r\u00e9volution tunisienne et il concerne un montant de l\u2019ordre 60 millions de francs suisses.<\/p>\n<p><strong>Une prolongation du blocage est possible!<\/strong><\/p>\n<p>La loi f\u00e9d\u00e9rale suisse sur le blocage et la restitution des valeurs patrimoniales d\u2019origine illicite de personnes politiquement expos\u00e9es \u00e0 l\u2019\u00e9tranger r\u00e9glemente, en effet, la dur\u00e9e des blocages, ainsi que les conditions de leur prolongation annuelle. Une prolongation est possible si l\u2019Etat concern\u00e9 a exprim\u00e9 sa volont\u00e9 de coop\u00e9rer dans le cadre de l\u2019entraide judiciaire. La dur\u00e9e maximale du blocage est de dix ans.<\/p>\n<p>Toujours selon le Conseil f\u00e9d\u00e9ral suisse rapport\u00e9 par les m\u00e9dias locaux, l\u2019expiration de l\u2019ordonnance de blocage n\u2019a toutefois, aucun effet sur les autres blocages d\u2019avoirs prononc\u00e9s par les autorit\u00e9s judiciaires, dans le cadre des proc\u00e9dures p\u00e9nales et d\u2019entraide judiciaire en cours. En d\u2019autres termes, la fin du blocage des avoirs du clan Ben Ali n\u2019a aucun effet sur les blocages, par les autorit\u00e9s judiciaires suisses.<\/p>\n<p>Pour que les avoirs bloqu\u00e9s puissent \u00eatre restitu\u00e9s en entraide, il faut que des jugements d\u00e9finitifs et ex\u00e9cutoires soient rendus en Tunisie, que ces jugements ordonnent la confiscation d\u2019avoirs situ\u00e9s en Suisse et qu\u2019ils fassent \u00e9tat d\u2019un lien entre ces avoirs et une infraction p\u00e9nale, ont encore pr\u00e9cis\u00e9 les autorit\u00e9s suisses. L\u2019annonce faite par le gouvernement suisse met donc la Tunisie devant l\u2019importance d\u2019avancer dans ses proc\u00e9dures p\u00e9nales, si volont\u00e9 il y a de faire bouger ce dossier.<\/p>\n<\/div>\n<div class=\"wp-post-author-wrap wp-post-author-shortcode left\">\n<h3 class=\"awpa-title\"\/>\n<div class=\"wp-post-author\">\n<div class=\"awpa-img awpa-author-block square\"><a href=\"http:\/\/lexpertjournal.net\/fr\/?author=5\"><img loading=\"lazy\" decoding=\"async\" alt=\"\" src=\"http:\/\/0.gravatar.com\/avatar\/97f8e10a1c1125ba104a76514ee07b16?s=150&amp;d=mm&amp;r=g\" srcset=\"http:\/\/0.gravatar.com\/avatar\/97f8e10a1c1125ba104a76514ee07b16?s=300&amp;d=mm&amp;r=g 2x\" class=\"avatar avatar-150 photo\" height=\"150\" width=\"150\"\/><\/a><\/div>\n<\/div>\n<\/div>\n<aside class=\"mashsb-container mashsb-main mashsb-stretched\">\n<\/aside>\n<p>Auteur: L&rsquo;expert<br \/>\n<a href=\"http:\/\/lexpertjournal.net\/fr\/?p=17650\">Cliquez ici pour lire l&rsquo;article depuis sa source.<\/a><\/p>\n","protected":false},"excerpt":{"rendered":"<p>Le blocage des avoirs en Suisse du pr\u00e9sident d\u00e9chu Ben Ali et ses proches expirera en janvier 2021, apr\u00e8s avoir atteint la dur\u00e9e l\u00e9gale maximale de dix ans, a annonc\u00e9 le Conseil f\u00e9d\u00e9ral suisse, lors de sa session hebdomadaire du vendredi dernier, rapport\u00e9e par des m\u00e9dias suisses. Ce blocage d\u2019avoirs illicites de Ben Ali et [&hellip;]<\/p>\n","protected":false},"author":1775,"featured_media":0,"comment_status":"closed","ping_status":"closed","sticky":false,"template":"","format":"standard","meta":{"fifu_image_url":"http:\/\/0.gravatar.com\/avatar\/97f8e10a1c1125ba104a76514ee07b16?s=150&d=mm&r=g","fifu_image_alt":"Tunisie- Suisse-Biens confisqu\u00e9s: Le blocage des avoirs de Ben Ali et ses proches expire en janvier 2021","footnotes":""},"categories":[78,55],"tags":[],"class_list":["post-107120","post","type-post","status-publish","format-standard","hentry","category-economie","category-tunisie"],"_links":{"self":[{"href":"https:\/\/linitiative.ca\/International\/wp-json\/wp\/v2\/posts\/107120","targetHints":{"allow":["GET"]}}],"collection":[{"href":"https:\/\/linitiative.ca\/International\/wp-json\/wp\/v2\/posts"}],"about":[{"href":"https:\/\/linitiative.ca\/International\/wp-json\/wp\/v2\/types\/post"}],"author":[{"embeddable":true,"href":"https:\/\/linitiative.ca\/International\/wp-json\/wp\/v2\/users\/1775"}],"replies":[{"embeddable":true,"href":"https:\/\/linitiative.ca\/International\/wp-json\/wp\/v2\/comments?post=107120"}],"version-history":[{"count":0,"href":"https:\/\/linitiative.ca\/International\/wp-json\/wp\/v2\/posts\/107120\/revisions"}],"wp:attachment":[{"href":"https:\/\/linitiative.ca\/International\/wp-json\/wp\/v2\/media?parent=107120"}],"wp:term":[{"taxonomy":"category","embeddable":true,"href":"https:\/\/linitiative.ca\/International\/wp-json\/wp\/v2\/categories?post=107120"},{"taxonomy":"post_tag","embeddable":true,"href":"https:\/\/linitiative.ca\/International\/wp-json\/wp\/v2\/tags?post=107120"}],"curies":[{"name":"wp","href":"https:\/\/api.w.org\/{rel}","templated":true}]}}