{"id":107125,"date":"2020-12-14T06:52:00","date_gmt":"2020-12-14T11:52:00","guid":{"rendered":"https:\/\/linitiative.ca\/International\/poursuite-des-operations-de-recherche-de-deux-marins-pecheurs\/"},"modified":"2020-12-14T06:52:00","modified_gmt":"2020-12-14T11:52:00","slug":"poursuite-des-operations-de-recherche-de-deux-marins-pecheurs","status":"publish","type":"post","link":"https:\/\/linitiative.ca\/International\/poursuite-des-operations-de-recherche-de-deux-marins-pecheurs\/","title":{"rendered":"Poursuite des op\u00e9rations de recherche de deux marins p\u00eacheurs"},"content":{"rendered":"<div id=\"originalText\" readability=\"64\">\n<p>Les services de la Protection civile poursuivaient lundi les op\u00e9rations de recherche au niveau de la baie d\u2019Alger, en milieu marin et terrestre et dans les zones et endroits o\u00f9 pourraient se trouver les corps de deux marins p\u00eacheurs port\u00e9s disparus, suite au chavirement dimanche de leur chalutier, indique un communiqu\u00e9 de la Protection civile.<\/p>\n<p>\u00a0\u00ab\u00a0Les services de la Protection civile de la wilaya d\u2019Alger, appuy\u00e9s par les moyens de la Protection civile de la wilaya de Tipaza et de l\u2019unit\u00e9 nationale d\u2019instruction et d\u2019intervention de Dar El Beida, multiplient les op\u00e9rations de recherche en milieu marin et terrestre et dans les zones et les endroits o\u00f9 les victimes (du naufrage) pourraient se trouver, notamment au niveau des Sablettes\u00a0\u00bb, pr\u00e9cise la m\u00eame source, rappelant que dans la matin\u00e9e de ce lundi le corps d\u2019un des trois marins disparus a \u00e9t\u00e9 rep\u00each\u00e9.<\/p>\n<p>A cet effet, \u00ab\u00a0trois embarcations semi-rigides, compos\u00e9es de 20 plongeurs sp\u00e9cialis\u00e9s dans les recherches en mer, ainsi qu&rsquo;une \u00e9quipe p\u00e9destre compos\u00e9e de 25 \u00e9l\u00e9ments de la Protection civile et une \u00e9quipe cynotechnique (brigade canine) ont \u00e9t\u00e9 mobilis\u00e9s pour les besoins des recherches et de ratissage pr\u00e8s des zones rocheuses et du rivage\u00a0\u00bb, ajoute le communiqu\u00e9.<\/p>\n<p>Une \u00e9quipe de grimpe de la Protection civile est \u00e9galement mobilis\u00e9e pour la fixation et la stabilisation par cordage de l\u2019\u00e9pave de l&#8217;embarcation. Un chalutier avait coul\u00e9 dimanche \u00e0 3h15 du matin au niveau de la baie d&rsquo;Alger (les Sablettes) o\u00f9 6 marins de l&rsquo;\u00e9quipage du navire (\u00e2g\u00e9s entre 27 et 40 ans), dont le propri\u00e9taire, ont \u00e9t\u00e9 secourus par les \u00e9l\u00e9ments de la Protection civile et des Garde-c\u00f4tes.<br \/>\u00a0<\/p>\n<p class=\"c6\"><strong>APS<\/strong><\/p>\n<\/div>\n<div id=\"text_core\" readability=\"64\">\n<p>Les services de la Protection civile poursuivaient lundi les op\u00e9rations de recherche au niveau de la baie d\u2019Alger, en milieu marin et terrestre et dans les zones et endroits o\u00f9 pourraient se trouver les corps de deux marins p\u00eacheurs port\u00e9s disparus, suite au chavirement dimanche de leur chalutier, indique un communiqu\u00e9 de la Protection civile.<\/p>\n<p>\u00a0\u00ab\u00a0Les services de la Protection civile de la wilaya d\u2019Alger, appuy\u00e9s par les moyens de la Protection civile de la wilaya de Tipaza et de l\u2019unit\u00e9 nationale d\u2019instruction et d\u2019intervention de Dar El Beida, multiplient les op\u00e9rations de recherche en milieu marin et terrestre et dans les zones et les endroits o\u00f9 les victimes (du naufrage) pourraient se trouver, notamment au niveau des Sablettes\u00a0\u00bb, pr\u00e9cise la m\u00eame source, rappelant que dans la matin\u00e9e de ce lundi le corps d\u2019un des trois marins disparus a \u00e9t\u00e9 rep\u00each\u00e9.<\/p>\n<p>A cet effet, \u00ab\u00a0trois embarcations semi-rigides, compos\u00e9es de 20 plongeurs sp\u00e9cialis\u00e9s dans les recherches en mer, ainsi qu&rsquo;une \u00e9quipe p\u00e9destre compos\u00e9e de 25 \u00e9l\u00e9ments de la Protection civile et une \u00e9quipe cynotechnique (brigade canine) ont \u00e9t\u00e9 mobilis\u00e9s pour les besoins des recherches et de ratissage pr\u00e8s des zones rocheuses et du rivage\u00a0\u00bb, ajoute le communiqu\u00e9.<\/p>\n<p>Une \u00e9quipe de grimpe de la Protection civile est \u00e9galement mobilis\u00e9e pour la fixation et la stabilisation par cordage de l\u2019\u00e9pave de l&#8217;embarcation. Un chalutier avait coul\u00e9 dimanche \u00e0 3h15 du matin au niveau de la baie d&rsquo;Alger (les Sablettes) o\u00f9 6 marins de l&rsquo;\u00e9quipage du navire (\u00e2g\u00e9s entre 27 et 40 ans), dont le propri\u00e9taire, ont \u00e9t\u00e9 secourus par les \u00e9l\u00e9ments de la Protection civile et des Garde-c\u00f4tes.<br \/>\u00a0<\/p>\n<p class=\"c6\"><strong>APS<\/strong><\/p>\n<\/div>\n<p>Auteur:<br \/>\n<a href=\"https:\/\/www.liberte-algerie.com\/actualite\/poursuite-des-operations-de-recherche-de-deux-marins-pecheurs-350696\">Cliquez ici pour lire l&rsquo;article depuis sa source.<\/a><\/p>\n","protected":false},"excerpt":{"rendered":"<p>Les services de la Protection civile poursuivaient lundi les op\u00e9rations de recherche au niveau de la baie d\u2019Alger, en milieu marin et terrestre et dans les zones et endroits o\u00f9 pourraient se trouver les corps de deux marins p\u00eacheurs port\u00e9s disparus, suite au chavirement dimanche de leur chalutier, indique un communiqu\u00e9 de la Protection civile. [&hellip;]<\/p>\n","protected":false},"author":1742,"featured_media":0,"comment_status":"closed","ping_status":"closed","sticky":false,"template":"","format":"standard","meta":{"fifu_image_url":"","fifu_image_alt":"","footnotes":""},"categories":[73,53],"tags":[],"class_list":["post-107125","post","type-post","status-publish","format-standard","hentry","category-actualite","category-algerie"],"_links":{"self":[{"href":"https:\/\/linitiative.ca\/International\/wp-json\/wp\/v2\/posts\/107125","targetHints":{"allow":["GET"]}}],"collection":[{"href":"https:\/\/linitiative.ca\/International\/wp-json\/wp\/v2\/posts"}],"about":[{"href":"https:\/\/linitiative.ca\/International\/wp-json\/wp\/v2\/types\/post"}],"author":[{"embeddable":true,"href":"https:\/\/linitiative.ca\/International\/wp-json\/wp\/v2\/users\/1742"}],"replies":[{"embeddable":true,"href":"https:\/\/linitiative.ca\/International\/wp-json\/wp\/v2\/comments?post=107125"}],"version-history":[{"count":0,"href":"https:\/\/linitiative.ca\/International\/wp-json\/wp\/v2\/posts\/107125\/revisions"}],"wp:attachment":[{"href":"https:\/\/linitiative.ca\/International\/wp-json\/wp\/v2\/media?parent=107125"}],"wp:term":[{"taxonomy":"category","embeddable":true,"href":"https:\/\/linitiative.ca\/International\/wp-json\/wp\/v2\/categories?post=107125"},{"taxonomy":"post_tag","embeddable":true,"href":"https:\/\/linitiative.ca\/International\/wp-json\/wp\/v2\/tags?post=107125"}],"curies":[{"name":"wp","href":"https:\/\/api.w.org\/{rel}","templated":true}]}}