{"id":107129,"date":"2020-12-13T16:36:05","date_gmt":"2020-12-13T21:36:05","guid":{"rendered":"https:\/\/linitiative.ca\/International\/role-de-la-presse-culturelle-dans-le-renforcement-des-valeurs-de-dialogue\/"},"modified":"2020-12-13T16:36:05","modified_gmt":"2020-12-13T21:36:05","slug":"role-de-la-presse-culturelle-dans-le-renforcement-des-valeurs-de-dialogue","status":"publish","type":"post","link":"https:\/\/linitiative.ca\/International\/role-de-la-presse-culturelle-dans-le-renforcement-des-valeurs-de-dialogue\/","title":{"rendered":"R\u00f4le de la presse culturelle dans le renforcement des valeurs de dialogue"},"content":{"rendered":"<div readability=\"38\">\n<p>Marrakech \u2013 Un ar\u00e9opage de jeunes journalistes ainsi que des \u00e9tudiants en journalisme ont pris part, dimanche \u00e0 Marrakech, aux travaux d\u2019un atelier ax\u00e9 sur \u00ab\u00a0le r\u00f4le de la presse culturelle dans la consolidation des valeurs de dialogue et le rejet de la violence\u00a0\u00bb, et encadr\u00e9 par des experts et sp\u00e9cialistes en la mati\u00e8re.<\/p>\n<\/div>\n<div readability=\"111\">\n<p>Organis\u00e9e par l\u2019Alliance Marocaine de la Presse Culturelle (AMPC), en partenariat avec le Centre \u00ab\u00a0Inaya pour le D\u00e9veloppement et les Oeuvres Sociales\u00a0\u00bb et la Fondation Hanns Se\u00efdel, cette rencontre vise \u00e0 doter les jeunes journalistes du savoir-faire et de l\u2019expertise dans les domaines de l\u2019\u00e9criture journalistique afin d\u2019assurer une meilleure diffusion des valeurs de pluralisme, de diversit\u00e9 culturelle, de tol\u00e9rance et de rejet des discours de haine et de violence.<\/p>\n<p>Cet atelier se propose \u00e9galement d\u2019enrichir et de promouvoir la culture juridique des journalistes dans le domaine de la d\u00e9ontologie notamment en ce qui concerne les interviews, l\u2019\u00e9criture journalistique et le tournage, ainsi que lors du traitement de questions ayant suscit\u00e9 de grandes pol\u00e9miques.<\/p>\n<p>Intervenant \u00e0 la c\u00e9r\u00e9monie d\u2019ouverture de cet atelier, le pr\u00e9sident de l\u2019AMPC, Mohamed Jalid, a d\u00e9plor\u00e9 \u00ab\u00a0la mont\u00e9e en puissance des discours de haine et de l\u2019apologie de la violence ces derni\u00e8res ann\u00e9es, en raison des nouvelles possibilit\u00e9s qu\u2019offrent les Nouvelles Technologies d\u2019Information et de Communication (NTIC)\u00a0\u00bb.<\/p>\n<p>\u00ab\u00a0Ces discours d\u00e9mesur\u00e9s pr\u00f4nant le rejet de l\u2019autre et la violence, se sont transform\u00e9s en un courant qui s\u2019est infiltr\u00e9 au point de devenir une m\u00e9thodologie professionnelle chez plusieurs m\u00e9dias traditionnels et \u00e9lectroniques\u00a0\u00bb, a-t-il enchain\u00e9.<\/p>\n<p>Dans la foul\u00e9e, il a insist\u00e9 sur l\u2019imp\u00e9ratif de renforcer la pr\u00e9sence de la culture en tant que moyen d\u2019\u00e9ducation aux valeurs de tol\u00e9rance et d\u2019acceptation de la diff\u00e9rence et d\u2019autrui, tout en soulignant l\u2019importance d\u2019associer les intellectuels, les penseurs et les cr\u00e9ateurs dans les d\u00e9bats publics de mani\u00e8re \u00e0 faire entendre leurs voix sur les questions en rapport avec la d\u00e9mocratie, le pluralisme et l\u2019instauration de l\u2019Etat de droit.<\/p>\n<p>M.Jalid n\u2019a pas manqu\u00e9 de mettre en exergue le r\u00f4le crucial de la culture pour pr\u00e9parer une jeune g\u00e9n\u00e9ration impr\u00e9gn\u00e9e de la culture du respect de la diff\u00e9rence et des valeurs de tol\u00e9rance et de rejet de la violence, indiquant que cet atelier vise \u00e0 sensibiliser les jeunes journalistes et les \u00e9tudiants en journalisme, aux dangers de ces discours qui sont en contradiction avec la d\u00e9ontologie de la presse.<\/p>\n<p>De son c\u00f4t\u00e9, le pr\u00e9sident du Centre Inaya pour le d\u00e9veloppement et les \u0153uvres sociales, Mustapha Ghilmane, a relev\u00e9 que cette rencontre aborde des questions d\u2019une grande sensibilit\u00e9 dans la pratique professionnelle des journalistes, appelant \u00e0 renforcer les volets relatifs aux r\u00e8gles d\u00e9ontologiques chez eux.<\/p>\n<p>Et de poursuivre que le respect m\u00e9ticuleux des r\u00e8gles et principes d\u00e9ontologique de la profession du journalisme constitue, sans nul conteste, la garantie de la confiance aupr\u00e8s du public notamment, dans le contexte actuel.<\/p>\n<p>Au programme de cette formation figuraient des conf\u00e9rences sur \u00ab\u00a0la tol\u00e9rance et les missions de la presse culturelle\u00a0\u00bb, \u00ab\u00a0le r\u00f4le de la culture et la presse culturelle dans la cons\u00e9cration des valeurs de tol\u00e9rance et de rejet des discours de la violence et de la haine\u00a0\u00bb, \u00ab\u00a0la d\u00e9ontologie de la presse et la gestion des probl\u00e9matiques \u00e9thiques\u00a0: discours de la violence et de la haine et l\u2019atteinte \u00e0 la vie priv\u00e9e et la dignit\u00e9 humaine\u00a0\u00bb.<\/p>\n<p>les participants ont, en outre, b\u00e9n\u00e9fici\u00e9 d\u2019une s\u00e9rie de s\u00e9ances de formation portant sur \u00ab\u00a0l\u2019\u00e9criture et le traitement des questions culturelles\u00a0\u00bb, \u00ab\u00a0le respect des r\u00e8gles professionnelles\u00a0\u00bb et \u00ab\u00a0la lutte contre les discours de violence et de haine\u00a0\u00bb.<\/p>\n<p>L\u2019atelier s\u2019est achev\u00e9 sur un d\u00e9bat ouvert entre les \u00e9tudiants en journalisme et les experts sur divers obstacles et probl\u00e9matiques auxquels sont confront\u00e9s les journalistes lors du traitement de questions se rapportant \u00e0 la chose culturelle.<\/p>\n<\/div>\n<p>Auteur: Meriem IGASS<br \/>\n<a href=\"http:\/\/www.mapmarrakech.ma\/fr\/role-de-la-presse-culturelle-dans-le-renforcement-des-valeurs-de-dialogue\/\">Cliquez ici pour lire l&rsquo;article depuis sa source.<\/a><\/p>\n","protected":false},"excerpt":{"rendered":"<p>Marrakech \u2013 Un ar\u00e9opage de jeunes journalistes ainsi que des \u00e9tudiants en journalisme ont pris part, dimanche \u00e0 Marrakech, aux travaux d\u2019un atelier ax\u00e9 sur \u00ab\u00a0le r\u00f4le de la presse culturelle dans la consolidation des valeurs de dialogue et le rejet de la violence\u00a0\u00bb, et encadr\u00e9 par des experts et sp\u00e9cialistes en la mati\u00e8re. Organis\u00e9e [&hellip;]<\/p>\n","protected":false},"author":1788,"featured_media":0,"comment_status":"closed","ping_status":"closed","sticky":false,"template":"","format":"standard","meta":{"fifu_image_url":"","fifu_image_alt":"","footnotes":""},"categories":[54,76],"tags":[],"class_list":["post-107129","post","type-post","status-publish","format-standard","hentry","category-maroc","category-regions"],"_links":{"self":[{"href":"https:\/\/linitiative.ca\/International\/wp-json\/wp\/v2\/posts\/107129","targetHints":{"allow":["GET"]}}],"collection":[{"href":"https:\/\/linitiative.ca\/International\/wp-json\/wp\/v2\/posts"}],"about":[{"href":"https:\/\/linitiative.ca\/International\/wp-json\/wp\/v2\/types\/post"}],"author":[{"embeddable":true,"href":"https:\/\/linitiative.ca\/International\/wp-json\/wp\/v2\/users\/1788"}],"replies":[{"embeddable":true,"href":"https:\/\/linitiative.ca\/International\/wp-json\/wp\/v2\/comments?post=107129"}],"version-history":[{"count":0,"href":"https:\/\/linitiative.ca\/International\/wp-json\/wp\/v2\/posts\/107129\/revisions"}],"wp:attachment":[{"href":"https:\/\/linitiative.ca\/International\/wp-json\/wp\/v2\/media?parent=107129"}],"wp:term":[{"taxonomy":"category","embeddable":true,"href":"https:\/\/linitiative.ca\/International\/wp-json\/wp\/v2\/categories?post=107129"},{"taxonomy":"post_tag","embeddable":true,"href":"https:\/\/linitiative.ca\/International\/wp-json\/wp\/v2\/tags?post=107129"}],"curies":[{"name":"wp","href":"https:\/\/api.w.org\/{rel}","templated":true}]}}