{"id":107130,"date":"2020-12-14T07:12:04","date_gmt":"2020-12-14T12:12:04","guid":{"rendered":"https:\/\/linitiative.ca\/International\/ouverture-en-ligne-du-17eme-festival-des-andalousies-atlantiques\/"},"modified":"2020-12-14T07:12:04","modified_gmt":"2020-12-14T12:12:04","slug":"ouverture-en-ligne-du-17eme-festival-des-andalousies-atlantiques","status":"publish","type":"post","link":"https:\/\/linitiative.ca\/International\/ouverture-en-ligne-du-17eme-festival-des-andalousies-atlantiques\/","title":{"rendered":"Ouverture en ligne du 17\u00e8me Festival des Andalousies Atlantiques"},"content":{"rendered":"<p>Initi\u00e9 par l\u2019Association Essaouira-Mogador, ce rendez-vous artistique annuel et embl\u00e9matique, dont le rayonnement et la notori\u00e9t\u00e9 ont transcend\u00e9 largement les fronti\u00e8res du Royaume, permettra \u00e0 des milliers de m\u00e9lomanes, toutes religions et cultures confondues, notamment Musulmans et Juifs, qui se retrouvaient habituellement dans la Cit\u00e9 des Aliz\u00e9s, d\u2019assister dans la joie et la communion malgr\u00e9 la distance, \u00e0 un automne musical \u00e0 nul autre pareil, qui met \u00e0 l\u2019honneur et revivifie ce tr\u00e8s riche et authentique patrimoine culturel et musical jud\u00e9o-arabe.<\/p>\n<p>Un automne de lumi\u00e8re enracin\u00e9 depuis pr\u00e8s de 20 ans dans l\u2019\u00e9motion de ces musiques partag\u00e9es, la richesse de ces m\u00e9moires m\u00eal\u00e9es et les promesses sans cesse renouvel\u00e9es d\u2019une grande histoire marocaine que Juifs et Musulmans ont choisi d\u2019\u00e9crire au futur.<\/p>\n<p>Face \u00e0 un contexte tr\u00e8s particulier induit par une crise sanitaire plan\u00e9taire sans pr\u00e9c\u00e9dent, les organisateurs ont choisi, cette ann\u00e9e, de s\u2019adapter aux mesures pr\u00e9ventives li\u00e9es \u00e0 la pand\u00e9mie de la Covid-19 pour offrir, jusqu\u2019au 16 d\u00e9cembre, aux passionn\u00e9s et habitu\u00e9s de ces Andalousies, parmi les nationaux et internationaux, une \u00e9dition 100% virtuelle et gratuite, avec la cl\u00e9 une kyrielle de spectacles musicaux qui seront diffus\u00e9s sur les plateformes des r\u00e9seaux sociaux du Festival et permettront aux festivaliers, amis et amoureux de la Cit\u00e9 des Aliz\u00e9s de vivre, m\u00eame devant leurs \u00e9crans, de beaux moments d\u2019exception et de plaisirs partag\u00e9s.<\/p>\n<p>Dans ce cadre, les \u00e9quipes de l\u2019Association Essaouira-Mogador se sont fortement mobilis\u00e9es pour cr\u00e9er, ma\u00eetriser et mettre en place les modalit\u00e9s techniques et le contenu artistique d\u2019un Festival virtuel en vue de conf\u00e9rer une dimension et un profil in\u00e9dits \u00e0 ces Andalousies Atlantiques pour un autre rendez-vous \u00ab\u00a0sans fronti\u00e8res ni barri\u00e8res, sans billets ni contraintes\u00a0\u00bb.<\/p>\n<p>\u00ab\u00a0C\u2019est un jour tr\u00e8s particulier \u00e0 nous \u00e0 Essaouira. Je suis tr\u00e8s heureux que malgr\u00e9 cette conjoncture difficile, Essaouira, comme \u00e0 son habitude et comme elle essaie de le faire toujours, m\u00eame dans l\u2019adversit\u00e9, r\u00e9pond pr\u00e9sent\u00a0\u00bb, s\u2019est f\u00e9licit\u00e9 M. Andr\u00e9 Azoulay, Conseiller de SM le Roi et Pr\u00e9sident-Fondateur de l\u2019Association Essaouira-Mogador, dans un petit mot \u00e0 l\u2019adresse des festivaliers.<\/p>\n<p>Le Conseiller de SM le Roi a soutenu que \u00ab\u00a0cette \u00e9dition de nos Andalousies Atlantiques est \u00e0 tous \u00e9gards singuli\u00e8re\u00a0\u00bb, affirmant qu\u2019elle est d\u2019abord celle de cet \u00ab\u00a0enracinement souiri\u00a0\u00bb et de cette \u00ab\u00a0r\u00e9silience souirie\u00a0\u00bb qui ne pouvaient pas laisser passer cette ann\u00e9e sans ce message, cette f\u00eate et ce rendez-vous qui ne ressemblent \u00e0 aucun autre, ni au Maroc ni dans le monde : un rendez-vous o\u00f9 Islam et Juda\u00efsme se retrouvent pour chanter ensemble, danser ensemble, \u00e9changer ensemble, r\u00e9fl\u00e9chir ensemble et se mobiliser ensemble\u00a0\u00bb.<\/p>\n<p>Pour sa part, la secr\u00e9taire g\u00e9n\u00e9rale de l\u2019Association Essaouira-Mogador, Kaoutar Chakir Benamara, a adress\u00e9 un message de bienvenue aux habitu\u00e9s du festival (en langues arabe, h\u00e9breu et fran\u00e7aise), dans lequel elle a indiqu\u00e9 que \u00ab\u00a0malgr\u00e9 la pand\u00e9mie, les distances et ces temps ind\u00e9cis, nous sommes plus unis et r\u00e9unis que jamais pour inaugurer cette 17\u00e8me \u00e9dition qui se tient sous le signe de la virtuosit\u00e9 et de la convivialit\u00e9\u00a0\u00bb.<\/p>\n<p>\u00ab\u00a0Andalous de tous les pays, unissez-vous !. Le festival des Andalousies Atlantiques frappe \u00e0 vos portes!. Essaouira-Mogador accueille ses enfants et ses amoureux dispers\u00e9s \u00e0 travers les quatre coins de la plan\u00e8te avec du lait, des dattes et des sonates\u00a0\u00bb, a-t-elle dit, notant que le Festival a concoct\u00e9 \u00e0 ses amoureux et aux h\u00f4tes de la Cit\u00e9 des Aliz\u00e9s, en cette conjoncture tr\u00e8s particuli\u00e8re, \u00ab\u00a0un cocktail exceptionnel agr\u00e9ment\u00e9 de nombreux spectacles enregistr\u00e9s sans public dans le cadre des mesures pr\u00e9ventives en vigueur pour endiguer la propagation de la Covid-19\u00a0\u00bb.<\/p>\n<p>Et Mme Benamara de relever que ce sont des performances artistiques et musicales r\u00e9alis\u00e9es avec finesse et grande subtilit\u00e9 par des artistes musulmans et juifs, illustrant, si besoin est, cet esprit, enracin\u00e9 dans le temps et l\u2019espace, de l\u2019\u00e9cole d\u2019Essaouira qui n\u2019a cess\u00e9, depuis longtemps, de diss\u00e9miner les valeurs de partage, de coexistence, d\u2019amour, d\u2019entente et de cons\u00e9cration du pluralisme et de la riche diversit\u00e9 de l\u2019identit\u00e9 marocaine.<\/p>\n<p>Au d\u00e9but de la premi\u00e8re soir\u00e9e de ce festival \u00ab\u00a0virtuel et virtuose\u00a0\u00bb, les festivaliers ont \u00e9t\u00e9 convi\u00e9s \u00e0 appr\u00e9cier la chanson \u00ab\u00a0Gitana\u00a0\u00bb, un morceau mythique, magistralement jou\u00e9 et interpr\u00e9t\u00e9 \u00e0 distance par le grand rabbin Haim Louk, et les artistes Anas Belhachemi et Yohai Cohen, avec la participation du virtuose violoniste Elad Levy, qui l\u2019a revisit\u00e9, et la contribution enregistr\u00e9e, chacun chez soi, d\u2019autres musiciens.<\/p>\n<div readability=\"120\">\n<p>A l\u2019issue de cette performance musicale de haute facture, t\u00e9moin de cette musique et de cette diversit\u00e9 qui transgressent les fronti\u00e8res, Elad Levy a soulign\u00e9, dans un bref t\u00e9moignage, que le Festival des Andalousies Atlantiques se veut une exp\u00e9rience exceptionnelle profond\u00e9ment v\u00e9cue, chaque ann\u00e9e, \u00e0 Essaouira, ajoutant que la chanson pr\u00e9sent\u00e9e, et interpr\u00e9t\u00e9e \u00e0 l\u2019origine en langues arabe, h\u00e9breu et espagnole, illustre parfaitement l\u2019esprit de ce Festival hors normes qui promeut les valeurs du vivre-ensemble, de la tol\u00e9rance et du dialogue.<\/p>\n<p>De son c\u00f4t\u00e9, Anas Belhachemi a tenu \u00e0 remercier le comit\u00e9 d\u2019organisation de ce rendez-vous artistique et musical virtuel d\u00e9di\u00e9 \u00e0 cette ville inspiratrice, pr\u00e9cisant que ce Festival tr\u00e8s singulier et unique au monde, qui jouit d\u2019une place de choix dans les c\u0153urs de tous ses aficionados aussi bien dans le Royaume qu\u2019\u00e0 l\u2019\u00e9tranger, est en soi porteur des nobles valeurs universelles de tol\u00e9rance et de coexistence entre les religions ainsi que de dialogue interculturel et de m\u00e9tissage entre les diverses formes d\u2019expression artistique et musicale.<\/p>\n<p>Par la suite, les festivaliers-internautes ont \u00e9t\u00e9 invit\u00e9s \u00e0 suivre un concert in\u00e9dit de musique andalouse, un patrimoine que partagent les Musulmans et les Juifs d\u2019Essaouira et du Maroc et qui fait partie de l\u2019ADN de la Cit\u00e9 b\u00e9nie des Aliz\u00e9s.<\/p>\n<p>Ainsi, les musiciens, solistes et choristes d\u2019Essaouira, sous la direction du maestro Hassan Abdellaoui et avec la participation du grande artiste et chanteur Hicham Dinar, ont transport\u00e9 les festivaliers dans un voyage musical sublime en Andalousie, qui a mis \u00e0 l\u2019honneur des touachi, des noubas et des braouels de la grande musique andalouse.<\/p>\n<p>A travers ce concert enregistr\u00e9 et film\u00e9 sans public dans l\u2019enceinte de l\u2019espace embl\u00e9matique de \u00ab\u00a0Dar Souiri\u00a0\u00bb, ces artistes et musiciens souiris, \u00e0 travers leurs talents confirm\u00e9s, ont d\u00e9montr\u00e9 que la rel\u00e8ve est bel et bien assur\u00e9e, tout en veillant \u00e0 marcher sur les traces de leurs illustres pr\u00e9d\u00e9cesseurs et ma\u00eetres \u00e0 Essaouira-Mogador, qui ont contribu\u00e9 \u00e0 la sauvegarde, \u00e0 l\u2019\u00e9panouissement et \u00e0 la promotion de la musique d&rsquo;\u00a0\u00bbAl Ala\u00a0\u00bb.<\/p>\n<p>Cette premi\u00e8re soir\u00e9e pleinement r\u00e9ussie, comme en t\u00e9moigne le d\u00e9luge de commentaires livr\u00e9s par les festivaliers qui n\u2019ont cess\u00e9 d\u2019interagir au fur et \u00e0 mesure de la pr\u00e9sentation de ces performances musicales, a \u00e9t\u00e9 ponctu\u00e9e de la rediffusion de \u00ab\u00a0best of\u00a0\u00bb de quelques pr\u00e9c\u00e9dentes \u00e9ditions qui ont offert l\u2019immense privil\u00e8ge de revivre des moments m\u00e9morables de concerts ayant port\u00e9 au-del\u00e0 des oc\u00e9ans la diversit\u00e9 culturelle, spirituelle et artistique qui est au coeur de la modernit\u00e9 qu\u2019Essaouira a choisi d\u2019incarner.<\/p>\n<p>Des moments de nostalgie et de partage magnifiques qui ont permis aux adeptes du Festival de se rem\u00e9morer les prestations sur sc\u00e8ne, lors de concerts grandioses et exaltants, de l\u2019ic\u00f4ne Enrico Macias, des grands artistes de la musique espagnole, notamment du Flamenco, le chanteur Curro Pin\u00e2na et la danseuse Nadia Marquez, du trio Abderrahim Souiri, Benjamin Bouzaglou et Sanaa Marahati, des artistes Anas Belhachemi et Hay Korkos ainsi que du jeune Shalom Ivry.<\/p>\n<p>Ces \u00ab\u00a0best of\u00a0\u00bb ont permis aux t\u00e9l\u00e9spectateurs d\u2019appr\u00e9cier \u00e0 sa juste mesure, une fois encore, un m\u00e9lange de styles et de chants interpr\u00e9t\u00e9s avec maestria lors de spectacles qui resteront dans les annales de cette manifestation artistique et musicale singuli\u00e8re, qui vient rappeler \u00e0 tout un chacun que la ville d\u2019Essaouira demeure \u00e0 jamais cet espace privil\u00e9gi\u00e9 et incontournable d\u2019ouverture, de partage, d\u2019\u00e9change, d\u2019acceptation de l\u2019autre, de rencontre des diff\u00e9rentes formes d\u2019expression artistique et de brassage des cultures.<\/p>\n<p>Cette soir\u00e9e a \u00e9t\u00e9 aussi agr\u00e9ment\u00e9e d\u2019une s\u00e9rie de t\u00e9moignages en plusieurs langues, en provenance des quatre coins du monde, toutes religions, nationalit\u00e9s et cultures confondues, qui ont d\u00e9montr\u00e9 \u00e0 l\u2019unisson l\u2019ancrage et l\u2019universalit\u00e9 de cet \u00e9v\u00e9nement et l\u2019actualit\u00e9, sinon l\u2019effervescence de la musique jud\u00e9o-marocaine, d\u2019une culture et d\u2019une m\u00e9moire commune aux deux communaut\u00e9s qui transcendent religions, identit\u00e9s et fronti\u00e8res.<\/p>\n<p>Ces t\u00e9moignages ont \u00e9t\u00e9 ainsi unanimes \u00e0 affirmer qu\u2019Essaouira, cette perle de l\u2019Atlantique, demeure, en ces temps in\u00e9dits et incertains, une source d\u2019inspiration pour mieux vivre-ensemble, mieux penser et mieux r\u00e9agir, ajoutant que le Festival des Andalousies Atlantiques, qui se veut un rendez-vous exceptionnel de rencontres, de partage et d\u2019\u00e9changes unique au monde, s\u2019\u00e9rige aussi en une plateforme de dialogue entre les diff\u00e9rentes religions, cultures et m\u00e9moires, \u00e0 m\u00eame d\u2019offrir des moments inoubliables pleins de joie, d\u2019espoirs et d\u2019esp\u00e9rances en un avenir meilleur pour les g\u00e9n\u00e9rations pr\u00e9sentes et futures.<\/p>\n<\/div>\n<p>Auteur: Meriem IGASS<br \/>\n<a href=\"http:\/\/www.mapmarrakech.ma\/fr\/ouverture-du-festival-des-andalousies-atlantiques-sous-le-signe-de-la-virtuosite\/\">Cliquez ici pour lire l&rsquo;article depuis sa source.<\/a><\/p>\n","protected":false},"excerpt":{"rendered":"<p>Initi\u00e9 par l\u2019Association Essaouira-Mogador, ce rendez-vous artistique annuel et embl\u00e9matique, dont le rayonnement et la notori\u00e9t\u00e9 ont transcend\u00e9 largement les fronti\u00e8res du Royaume, permettra \u00e0 des milliers de m\u00e9lomanes, toutes religions et cultures confondues, notamment Musulmans et Juifs, qui se retrouvaient habituellement dans la Cit\u00e9 des Aliz\u00e9s, d\u2019assister dans la joie et la communion malgr\u00e9 [&hellip;]<\/p>\n","protected":false},"author":1788,"featured_media":0,"comment_status":"closed","ping_status":"closed","sticky":false,"template":"","format":"standard","meta":{"fifu_image_url":"","fifu_image_alt":"","footnotes":""},"categories":[54,76],"tags":[],"class_list":["post-107130","post","type-post","status-publish","format-standard","hentry","category-maroc","category-regions"],"_links":{"self":[{"href":"https:\/\/linitiative.ca\/International\/wp-json\/wp\/v2\/posts\/107130","targetHints":{"allow":["GET"]}}],"collection":[{"href":"https:\/\/linitiative.ca\/International\/wp-json\/wp\/v2\/posts"}],"about":[{"href":"https:\/\/linitiative.ca\/International\/wp-json\/wp\/v2\/types\/post"}],"author":[{"embeddable":true,"href":"https:\/\/linitiative.ca\/International\/wp-json\/wp\/v2\/users\/1788"}],"replies":[{"embeddable":true,"href":"https:\/\/linitiative.ca\/International\/wp-json\/wp\/v2\/comments?post=107130"}],"version-history":[{"count":0,"href":"https:\/\/linitiative.ca\/International\/wp-json\/wp\/v2\/posts\/107130\/revisions"}],"wp:attachment":[{"href":"https:\/\/linitiative.ca\/International\/wp-json\/wp\/v2\/media?parent=107130"}],"wp:term":[{"taxonomy":"category","embeddable":true,"href":"https:\/\/linitiative.ca\/International\/wp-json\/wp\/v2\/categories?post=107130"},{"taxonomy":"post_tag","embeddable":true,"href":"https:\/\/linitiative.ca\/International\/wp-json\/wp\/v2\/tags?post=107130"}],"curies":[{"name":"wp","href":"https:\/\/api.w.org\/{rel}","templated":true}]}}