{"id":107131,"date":"2020-12-14T08:05:35","date_gmt":"2020-12-14T13:05:35","guid":{"rendered":"https:\/\/linitiative.ca\/International\/la-drs-marrakech-safi-rend-hommage-a-ses-heros-en-blouse-blanche\/"},"modified":"2020-12-14T08:05:35","modified_gmt":"2020-12-14T13:05:35","slug":"la-drs-marrakech-safi-rend-hommage-a-ses-heros-en-blouse-blanche","status":"publish","type":"post","link":"https:\/\/linitiative.ca\/International\/la-drs-marrakech-safi-rend-hommage-a-ses-heros-en-blouse-blanche\/","title":{"rendered":"La DRS Marrakech-Safi rend hommage \u00e0 ses h\u00e9ros en blouse blanche"},"content":{"rendered":"<div readability=\"38\">\n<p>Commune d\u2019Agafay (Marrakech) \u2013 La Direction R\u00e9gionale de la Sant\u00e9 (DRS) de Marrakech-Safi a organis\u00e9, dimanche \u00e0 la commune d\u2019Agafay aux environs de Marrakech, une c\u00e9r\u00e9monie en hommage aux professionnels de la sant\u00e9 pour leurs sacrifices et leurs engagements, avec tant d\u2019abn\u00e9gation et de courage dans le combat quotidien contre la pand\u00e9mie du nouveau coronavirus.<\/p>\n<\/div>\n<div readability=\"102\">\n<p>Cette initiative, qui s\u2019est d\u00e9roul\u00e9e dans le plein respect des mesures pr\u00e9ventives et du protocole sanitaire en vigueur pour enrayer la propagation de la Covid-19, a \u00e9t\u00e9 l\u2019occasion d\u2019exprimer toute la reconnaissance et la gratitude \u00e0 ces h\u00e9ros en blouse blanche pour l\u2019ensemble des efforts consentis par eux dans les diff\u00e9rents \u00e9tablissements hospitaliers relevant de la DRS de Marrakech-Safi et leur engagement sans faille dans la lutte contre la pand\u00e9mie.<\/p>\n<p>\u00ab\u00a0C\u2019est un moment de relaxation et de d\u00e9tente, un repos des guerriers en blouse blanche, qui sont en premi\u00e8re ligne depuis de nombreux mois pour porter assistance aux malades atteints du nouveau coronavirus (Covid-19)\u00a0\u00bb, a soulign\u00e9 Dr. Lamia Chakiri, Directrice r\u00e9gionale de la Sant\u00e9 \u00e0 Marrakech-Safi, dans une d\u00e9claration \u00e0 la MAP.<\/p>\n<p>\u00ab\u00a0Cette c\u00e9r\u00e9monie est \u00e9galement une opportunit\u00e9 \u00e0 m\u00eame de permettre de donner un nouveau souffle \u00e0 nos professionnels de la sant\u00e9, notamment en pr\u00e9vision de la campagne de vaccination qui va n\u00e9cessiter davantage d\u2019efforts, de volont\u00e9 et de pers\u00e9v\u00e9rance\u00a0\u00bb, a relev\u00e9 Dr. Chakiri, qui a exprim\u00e9 ses remerciements et sa gratitude aux \u00ab\u00a0h\u00e9ros en blouse blanche\u00a0\u00bb.<\/p>\n<p>De son c\u00f4t\u00e9, Dr. Mohamed Chakri, Directeur du centre hospitalier provincial (CHP) Mohammed VI \u00e0 Chichaoua, a salu\u00e9 cette initiative sociale qui \u00ab\u00a0permet aux personnels de la sant\u00e9 de souffler un peu apr\u00e8s neuf mois de lutte contre une maladie, qui a atteint un nombre de nos cons\u0153urs et confr\u00e8res\u00a0\u00bb. C\u2019est une action louable qui \u00ab\u00a0devrait encourager les professionnels de la sant\u00e9 \u00e0 pers\u00e9v\u00e9rer dans leur lutte contre cette pand\u00e9mie\u00a0\u00bb, a-t-il dit.<\/p>\n<p>Dans ce sens, Dr. Chakri a exprim\u00e9 ses remerciements \u00e0 la DRS pour cette initiative \u00ab\u00a0remarquable\u00a0\u00bb envers les professionnels de la sant\u00e9, qui \u00ab\u00a0ont travaill\u00e9 d\u2019arrache-pied pendant de nombreux mois sans prendre un seul jour de cong\u00e9 et ont fait preuve de sacrifice et de bravoure dans leur combat quotidien contre la pand\u00e9mie\u00a0\u00bb, affirmant que tous les professionnels de la sant\u00e9 sont toujours mobilis\u00e9s pour servir au mieux leurs concitoyens et leur pays.<\/p>\n<p>Le secteur priv\u00e9 n\u2019a pas \u00e9t\u00e9 oubli\u00e9. Dr. Hicham Ouled Ballal, anesth\u00e9siste et r\u00e9animateur dans une clinique priv\u00e9e dans la cit\u00e9 ocre, a pris part \u00e0 cette c\u00e9r\u00e9monie en reconnaissance \u00e0 ses efforts et \u00e0 ceux de ses coll\u00e8gues qui ont contribu\u00e9 dans la lutte contre la pand\u00e9mie.<\/p>\n<p>\u00ab\u00a0En compagnie d\u2019autres coll\u00e8gues, nous avons lanc\u00e9 une initiative visant \u00e0 consolider les rangs du corps m\u00e9dical public en mettant en place une liste de garde de r\u00e9animateurs volontaires du secteur priv\u00e9 qui est mise \u00e0 la disposition en cas de besoin dans le cadre d\u2019un partenariat public-priv\u00e9\u00a0\u00bb, a expliqu\u00e9 Dr. Ouled Ballal.<\/p>\n<p>A cet \u00e9gard, il a exprim\u00e9 ses remerciements \u00e0 la Direction r\u00e9gionale de la Sant\u00e9 pour cette initiative, qui \u00ab\u00a0offre un moment de d\u00e9tente apr\u00e8s neuf mois de lutte acharn\u00e9e contre le nouveau coronavirus et permet aux cadres de la sant\u00e9 de faire le plein d\u2019\u00e9nergie pour faire face \u00e0 une pand\u00e9mie qui ne cesse de faire des victimes\u00a0\u00bb.<\/p>\n<p>Organis\u00e9e en collaboration notamment, avec les autorit\u00e9s locales et Un Complexe touristique de la place, cette initiative a \u00e9t\u00e9 hautement salu\u00e9e par les professionnels de la sant\u00e9, qui ont exprim\u00e9 leur plein engagement dans les efforts d\u00e9ploy\u00e9s pour enrayer la propagation de la pand\u00e9mie et leur mobilisation pour que la campagne de vaccination contre la Covid-19 connaitra un franc succ\u00e8s.<\/p>\n<\/div>\n<p>Auteur: Meriem IGASS<br \/>\n<a href=\"http:\/\/www.mapmarrakech.ma\/fr\/la-drs-marrakech-safi-rend-hommage-a-ses-heros-en-blouse-blanche\/\">Cliquez ici pour lire l&rsquo;article depuis sa source.<\/a><\/p>\n","protected":false},"excerpt":{"rendered":"<p>Commune d\u2019Agafay (Marrakech) \u2013 La Direction R\u00e9gionale de la Sant\u00e9 (DRS) de Marrakech-Safi a organis\u00e9, dimanche \u00e0 la commune d\u2019Agafay aux environs de Marrakech, une c\u00e9r\u00e9monie en hommage aux professionnels de la sant\u00e9 pour leurs sacrifices et leurs engagements, avec tant d\u2019abn\u00e9gation et de courage dans le combat quotidien contre la pand\u00e9mie du nouveau coronavirus. [&hellip;]<\/p>\n","protected":false},"author":1788,"featured_media":0,"comment_status":"closed","ping_status":"closed","sticky":false,"template":"","format":"standard","meta":{"fifu_image_url":"","fifu_image_alt":"","footnotes":""},"categories":[54,76],"tags":[],"class_list":["post-107131","post","type-post","status-publish","format-standard","hentry","category-maroc","category-regions"],"_links":{"self":[{"href":"https:\/\/linitiative.ca\/International\/wp-json\/wp\/v2\/posts\/107131","targetHints":{"allow":["GET"]}}],"collection":[{"href":"https:\/\/linitiative.ca\/International\/wp-json\/wp\/v2\/posts"}],"about":[{"href":"https:\/\/linitiative.ca\/International\/wp-json\/wp\/v2\/types\/post"}],"author":[{"embeddable":true,"href":"https:\/\/linitiative.ca\/International\/wp-json\/wp\/v2\/users\/1788"}],"replies":[{"embeddable":true,"href":"https:\/\/linitiative.ca\/International\/wp-json\/wp\/v2\/comments?post=107131"}],"version-history":[{"count":0,"href":"https:\/\/linitiative.ca\/International\/wp-json\/wp\/v2\/posts\/107131\/revisions"}],"wp:attachment":[{"href":"https:\/\/linitiative.ca\/International\/wp-json\/wp\/v2\/media?parent=107131"}],"wp:term":[{"taxonomy":"category","embeddable":true,"href":"https:\/\/linitiative.ca\/International\/wp-json\/wp\/v2\/categories?post=107131"},{"taxonomy":"post_tag","embeddable":true,"href":"https:\/\/linitiative.ca\/International\/wp-json\/wp\/v2\/tags?post=107131"}],"curies":[{"name":"wp","href":"https:\/\/api.w.org\/{rel}","templated":true}]}}